{"id":110,"date":"2026-02-19T18:02:47","date_gmt":"2026-02-19T18:02:47","guid":{"rendered":"https:\/\/prensayjusticia.com\/?p=110"},"modified":"2026-02-19T18:02:48","modified_gmt":"2026-02-19T18:02:48","slug":"el-imperio-meta-en-el-banquillo-padres-algoritmos-y-una-generacion-enganchada","status":"publish","type":"post","link":"https:\/\/prensayjusticia.com\/?p=110","title":{"rendered":"El imperio Meta en el banquillo: padres, algoritmos y una generaci\u00f3n enganchada"},"content":{"rendered":"\n<p>Por primera vez, <strong>Mark Zuckerberg<\/strong> declar\u00f3 ante un tribunal en Los \u00c1ngeles en el marco de una ola de demandas contra las grandes plataformas digitales por su presunto papel en la adicci\u00f3n de menores. El caso que abri\u00f3 el proceso es el de una joven que desarroll\u00f3 ansiedad, depresi\u00f3n y dependencia extrema tras a\u00f1os de uso intensivo de redes sociales.<\/p>\n\n\n\n<p>La comparecencia marca un hito: aunque el fundador de Facebook ya hab\u00eda testificado ante el Congreso de EE. UU., nunca antes lo hab\u00eda hecho en un juicio civil. Las demandas \u2014m\u00e1s de 1.500 en preparaci\u00f3n\u2014 buscan responsabilizar econ\u00f3micamente a empresas como <strong>Meta<\/strong> y <strong>Google<\/strong> por dise\u00f1ar plataformas supuestamente orientadas a maximizar el tiempo de uso mediante algoritmos, reproducci\u00f3n autom\u00e1tica, filtros y sistemas de recomendaci\u00f3n altamente personalizados.<\/p>\n\n\n\n<h3 class=\"wp-block-heading\">La defensa: responsabilidad del usuario y control parental<\/h3>\n\n\n\n<p>Zuckerberg sostuvo que Instagram proh\u00edbe el acceso a menores de 13 a\u00f1os y atribuy\u00f3 el problema a que muchos usuarios falsifican su edad para registrarse. Seg\u00fan su postura, la empresa establece reglas claras y no puede evitar que se incumplan deliberadamente.<\/p>\n\n\n\n<p>Tambi\u00e9n neg\u00f3 que los adolescentes sean el objetivo principal del modelo de negocio y asegur\u00f3 que la compa\u00f1\u00eda ha implementado cambios de seguridad en los \u00faltimos a\u00f1os. En la misma l\u00ednea, el jefe de Instagram, <strong>Adam Mosseri<\/strong>, reconoci\u00f3 que puede existir \u201cuso problem\u00e1tico\u201d, pero rechaz\u00f3 que la plataforma est\u00e9 dise\u00f1ada para generar adicci\u00f3n.<\/p>\n\n\n\n<h3 class=\"wp-block-heading\">La acusaci\u00f3n: dise\u00f1o persuasivo y da\u00f1o psicol\u00f3gico<\/h3>\n\n\n\n<p>Los demandantes sostienen lo contrario: que la arquitectura de las plataformas responde a principios de \u201cdise\u00f1o persuasivo\u201d, optimizados para aumentar el tiempo de pantalla y la interacci\u00f3n constante, especialmente en usuarios j\u00f3venes. Los abogados compararon el funcionamiento de los algoritmos con un est\u00edmulo qu\u00edmico, capaz de reforzar conductas compulsivas y afectar la salud mental.<\/p>\n\n\n\n<p>El caso incluye testimonios sobre uso extremo \u2014hasta 16 horas diarias\u2014, ataques de p\u00e1nico al retirar el tel\u00e9fono y alteraciones cognitivas asociadas a la dependencia digital. Para los expertos en adicciones tecnol\u00f3gicas citados en el proceso, el problema no es solo el contenido, sino la l\u00f3gica de dise\u00f1o de las plataformas.<\/p>\n\n\n\n<h3 class=\"wp-block-heading\">Un juicio clave para el futuro de la regulaci\u00f3n digital<\/h3>\n\n\n\n<p>Aunque Zuckerberg no enfrenta responsabilidad penal personal, el proceso podr\u00eda traducirse en multas millonarias y, sobre todo, en nuevas regulaciones sobre verificaci\u00f3n de edad, algoritmos y protecci\u00f3n de menores.<\/p>\n\n\n\n<p>El juicio se perfila como un precedente global: definir\u00e1 hasta qu\u00e9 punto las empresas tecnol\u00f3gicas son responsables del impacto psicol\u00f3gico de sus productos y si el dise\u00f1o de sus sistemas puede considerarse legalmente adictivo.<\/p>\n","protected":false},"excerpt":{"rendered":"<p>Por primera vez, Mark Zuckerberg declar\u00f3 ante un tribunal en Los \u00c1ngeles<\/p>\n","protected":false},"author":1,"featured_media":111,"comment_status":"open","ping_status":"open","sticky":false,"template":"","format":"standard","meta":{"footnotes":""},"categories":[47],"tags":[49,48,46],"class_list":["post-110","post","type-post","status-publish","format-standard","has-post-thumbnail","hentry","category-tecnologia","tag-facebook-en-la-mira","tag-meta-bussines","tag-tecnologia"],"brizy_media":[],"_links":{"self":[{"href":"https:\/\/prensayjusticia.com\/index.php?rest_route=\/wp\/v2\/posts\/110","targetHints":{"allow":["GET"]}}],"collection":[{"href":"https:\/\/prensayjusticia.com\/index.php?rest_route=\/wp\/v2\/posts"}],"about":[{"href":"https:\/\/prensayjusticia.com\/index.php?rest_route=\/wp\/v2\/types\/post"}],"author":[{"embeddable":true,"href":"https:\/\/prensayjusticia.com\/index.php?rest_route=\/wp\/v2\/users\/1"}],"replies":[{"embeddable":true,"href":"https:\/\/prensayjusticia.com\/index.php?rest_route=%2Fwp%2Fv2%2Fcomments&post=110"}],"version-history":[{"count":1,"href":"https:\/\/prensayjusticia.com\/index.php?rest_route=\/wp\/v2\/posts\/110\/revisions"}],"predecessor-version":[{"id":112,"href":"https:\/\/prensayjusticia.com\/index.php?rest_route=\/wp\/v2\/posts\/110\/revisions\/112"}],"wp:featuredmedia":[{"embeddable":true,"href":"https:\/\/prensayjusticia.com\/index.php?rest_route=\/wp\/v2\/media\/111"}],"wp:attachment":[{"href":"https:\/\/prensayjusticia.com\/index.php?rest_route=%2Fwp%2Fv2%2Fmedia&parent=110"}],"wp:term":[{"taxonomy":"category","embeddable":true,"href":"https:\/\/prensayjusticia.com\/index.php?rest_route=%2Fwp%2Fv2%2Fcategories&post=110"},{"taxonomy":"post_tag","embeddable":true,"href":"https:\/\/prensayjusticia.com\/index.php?rest_route=%2Fwp%2Fv2%2Ftags&post=110"}],"curies":[{"name":"wp","href":"https:\/\/api.w.org\/{rel}","templated":true}]}}