{"id":119,"date":"2026-02-19T21:39:55","date_gmt":"2026-02-19T21:39:55","guid":{"rendered":"https:\/\/prensayjusticia.com\/?p=119"},"modified":"2026-02-19T21:39:56","modified_gmt":"2026-02-19T21:39:56","slug":"del-clima-seco-al-fresco-en-cuestion-de-dias-lo-que-advierte-cenaos","status":"publish","type":"post","link":"https:\/\/prensayjusticia.com\/?p=119","title":{"rendered":"Del clima seco al fresco en cuesti\u00f3n de d\u00edas: lo que advierte Cenaos"},"content":{"rendered":"\n<h2 class=\"wp-block-heading\">Honduras podr\u00eda pasar del calor al fresco en cuesti\u00f3n de horas<\/h2>\n\n\n\n<p>El term\u00f3metro ha estado subiendo sin tregua. Pero ese escenario podr\u00eda cambiar en cuesti\u00f3n de d\u00edas.<\/p>\n\n\n\n<p>El Centro Nacional de Estudios Atmosf\u00e9ricos, Oceanogr\u00e1ficos y S\u00edsmicos inform\u00f3 sobre la probabilidad de ingreso de un frente fr\u00edo entre el 23 y 24 de febrero, fen\u00f3meno que podr\u00eda modificar el patr\u00f3n clim\u00e1tico en varias regiones del pa\u00eds.<\/p>\n\n\n\n<p>Durante el resto de la semana persistir\u00e1 el clima seco y c\u00e1lido, especialmente en el centro, sur y oriente. Sin embargo, el contraste t\u00e9rmico ser\u00eda marcado una vez que el sistema frontal ingrese al territorio nacional.<\/p>\n\n\n\n<p>El pron\u00f3stico indica un descenso significativo de temperaturas y un ambiente fresco que podr\u00eda extenderse entre tres y cuatro d\u00edas. Adem\u00e1s, se prev\u00e9 un incremento en la probabilidad de lluvias, principalmente en la zona norte.<\/p>\n\n\n\n<p>M\u00e1s all\u00e1 del paraguas y el abrigo, el llamado es preventivo. Los cambios bruscos de temperatura suelen disparar enfermedades respiratorias, afectando con mayor fuerza a ni\u00f1os, adultos mayores y personas con condiciones m\u00e9dicas preexistentes.<\/p>\n\n\n\n<p>Las autoridades recomiendan mantenerse informados a trav\u00e9s de boletines oficiales, reforzar medidas de protecci\u00f3n en el hogar y extremar precauciones al conducir en condiciones de lluvia o neblina.<\/p>\n\n\n\n<p>El clima est\u00e1 por mover ficha.<br>Y Honduras deber\u00e1 estar lista para responder.<\/p>\n","protected":false},"excerpt":{"rendered":"<p>Honduras podr\u00eda pasar del calor al fresco en cuesti\u00f3n de horas<\/p>\n","protected":false},"author":1,"featured_media":120,"comment_status":"open","ping_status":"open","sticky":false,"template":"","format":"standard","meta":{"footnotes":""},"categories":[4],"tags":[40],"class_list":["post-119","post","type-post","status-publish","format-standard","has-post-thumbnail","hentry","category-nacionales","tag-clima-honduras"],"brizy_media":[],"_links":{"self":[{"href":"https:\/\/prensayjusticia.com\/index.php?rest_route=\/wp\/v2\/posts\/119","targetHints":{"allow":["GET"]}}],"collection":[{"href":"https:\/\/prensayjusticia.com\/index.php?rest_route=\/wp\/v2\/posts"}],"about":[{"href":"https:\/\/prensayjusticia.com\/index.php?rest_route=\/wp\/v2\/types\/post"}],"author":[{"embeddable":true,"href":"https:\/\/prensayjusticia.com\/index.php?rest_route=\/wp\/v2\/users\/1"}],"replies":[{"embeddable":true,"href":"https:\/\/prensayjusticia.com\/index.php?rest_route=%2Fwp%2Fv2%2Fcomments&post=119"}],"version-history":[{"count":1,"href":"https:\/\/prensayjusticia.com\/index.php?rest_route=\/wp\/v2\/posts\/119\/revisions"}],"predecessor-version":[{"id":121,"href":"https:\/\/prensayjusticia.com\/index.php?rest_route=\/wp\/v2\/posts\/119\/revisions\/121"}],"wp:featuredmedia":[{"embeddable":true,"href":"https:\/\/prensayjusticia.com\/index.php?rest_route=\/wp\/v2\/media\/120"}],"wp:attachment":[{"href":"https:\/\/prensayjusticia.com\/index.php?rest_route=%2Fwp%2Fv2%2Fmedia&parent=119"}],"wp:term":[{"taxonomy":"category","embeddable":true,"href":"https:\/\/prensayjusticia.com\/index.php?rest_route=%2Fwp%2Fv2%2Fcategories&post=119"},{"taxonomy":"post_tag","embeddable":true,"href":"https:\/\/prensayjusticia.com\/index.php?rest_route=%2Fwp%2Fv2%2Ftags&post=119"}],"curies":[{"name":"wp","href":"https:\/\/api.w.org\/{rel}","templated":true}]}}