{"id":122,"date":"2026-02-19T21:50:41","date_gmt":"2026-02-19T21:50:41","guid":{"rendered":"https:\/\/prensayjusticia.com\/?p=122"},"modified":"2026-02-19T21:50:42","modified_gmt":"2026-02-19T21:50:42","slug":"siti-2028-la-nueva-promesa-de-movilidad-que-busca-dejar-atras-al-trans-450","status":"publish","type":"post","link":"https:\/\/prensayjusticia.com\/?p=122","title":{"rendered":"SITI 2028: la nueva promesa de movilidad que busca dejar atr\u00e1s al Trans-450"},"content":{"rendered":"\n<h2 class=\"wp-block-heading\">Agua primero, transporte despu\u00e9s: la doble jugada municipal hacia 2028<\/h2>\n\n\n\n<p>La capital hondure\u00f1a tiene dos dolores cr\u00f3nicos: el agua que no llega y el tr\u00e1fico que no avanza.<\/p>\n\n\n\n<p>El alcalde Juan Diego Zelaya anunci\u00f3 que ambos temas est\u00e1n en su hoja de ruta inmediata. Por un lado, confirm\u00f3 que la pr\u00f3xima semana se reactivar\u00e1n los trabajos en la represa San Jos\u00e9, un proyecto que permaneci\u00f3 detenido durante 16 meses y que busca mejorar el suministro en Tegucigalpa y Comayag\u00fcela.<\/p>\n\n\n\n<p>Por otro, oficializ\u00f3 el cambio de nombre del Trans-450, que ahora se llamar\u00e1 Sistema Inteligente de Transporte Integrado (SITI), con una fecha de inauguraci\u00f3n marcada en el calendario: 25 de abril de 2028.<\/p>\n\n\n\n<p>El anuncio redefine el rumbo de un proyecto que durante a\u00f1os estuvo rodeado de cr\u00edticas, retrasos y controversias. Ahora, la administraci\u00f3n municipal apuesta por relanzarlo bajo una nueva identidad.<\/p>\n\n\n\n<p>El alcalde sostiene que el SITI ser\u00e1 un sistema moderno y funcional, alineado con est\u00e1ndares de transporte inteligente. Sin embargo, el reto no es solo t\u00e9cnico: es recuperar la confianza ciudadana en una obra que simboliz\u00f3 promesas incumplidas.<\/p>\n\n\n\n<p>En medio del anuncio, Zelaya respondi\u00f3 al exalcalde Ricardo \u00c1lvarez, quien hab\u00eda manifestado su intenci\u00f3n de conducir una unidad del proyecto cuando entrara en operaci\u00f3n. La respuesta fue tajante: no cumple con los requisitos actuales.<\/p>\n\n\n\n<p>Mientras tanto, la capital observa.<\/p>\n\n\n\n<p>Si la represa logra mejorar el abastecimiento y el SITI cumple el calendario, la ciudad podr\u00eda experimentar una transformaci\u00f3n significativa. Pero si el cronograma se desv\u00eda, el debate volver\u00e1 a instalarse.<\/p>\n\n\n\n<p>El 2028 parece lejano.<br>Pero en pol\u00edtica municipal, el tiempo corre m\u00e1s r\u00e1pido de lo que parece.<\/p>\n","protected":false},"excerpt":{"rendered":"<p>Agua primero, transporte despu\u00e9s: la doble jugada municipal hacia 2028<\/p>\n","protected":false},"author":1,"featured_media":123,"comment_status":"open","ping_status":"open","sticky":false,"template":"","format":"standard","meta":{"footnotes":""},"categories":[1],"tags":[],"class_list":["post-122","post","type-post","status-publish","format-standard","has-post-thumbnail","hentry","category-uncategorized"],"brizy_media":[],"_links":{"self":[{"href":"https:\/\/prensayjusticia.com\/index.php?rest_route=\/wp\/v2\/posts\/122","targetHints":{"allow":["GET"]}}],"collection":[{"href":"https:\/\/prensayjusticia.com\/index.php?rest_route=\/wp\/v2\/posts"}],"about":[{"href":"https:\/\/prensayjusticia.com\/index.php?rest_route=\/wp\/v2\/types\/post"}],"author":[{"embeddable":true,"href":"https:\/\/prensayjusticia.com\/index.php?rest_route=\/wp\/v2\/users\/1"}],"replies":[{"embeddable":true,"href":"https:\/\/prensayjusticia.com\/index.php?rest_route=%2Fwp%2Fv2%2Fcomments&post=122"}],"version-history":[{"count":1,"href":"https:\/\/prensayjusticia.com\/index.php?rest_route=\/wp\/v2\/posts\/122\/revisions"}],"predecessor-version":[{"id":124,"href":"https:\/\/prensayjusticia.com\/index.php?rest_route=\/wp\/v2\/posts\/122\/revisions\/124"}],"wp:featuredmedia":[{"embeddable":true,"href":"https:\/\/prensayjusticia.com\/index.php?rest_route=\/wp\/v2\/media\/123"}],"wp:attachment":[{"href":"https:\/\/prensayjusticia.com\/index.php?rest_route=%2Fwp%2Fv2%2Fmedia&parent=122"}],"wp:term":[{"taxonomy":"category","embeddable":true,"href":"https:\/\/prensayjusticia.com\/index.php?rest_route=%2Fwp%2Fv2%2Fcategories&post=122"},{"taxonomy":"post_tag","embeddable":true,"href":"https:\/\/prensayjusticia.com\/index.php?rest_route=%2Fwp%2Fv2%2Ftags&post=122"}],"curies":[{"name":"wp","href":"https:\/\/api.w.org\/{rel}","templated":true}]}}