{"id":125,"date":"2026-02-19T21:58:26","date_gmt":"2026-02-19T21:58:26","guid":{"rendered":"https:\/\/prensayjusticia.com\/?p=125"},"modified":"2026-02-19T21:58:28","modified_gmt":"2026-02-19T21:58:28","slug":"consejo-en-espera-el-inicio-formal-del-gobierno-de-asfura-se-retrasa","status":"publish","type":"post","link":"https:\/\/prensayjusticia.com\/?p=125","title":{"rendered":"Consejo en espera: el inicio formal del gobierno de Asfura se retrasa"},"content":{"rendered":"\n<h2 class=\"wp-block-heading\">Gobierno en comp\u00e1s de espera: el Consejo que deb\u00eda marcar el rumbo fue aplazado<\/h2>\n\n\n\n<p>El primer Consejo de Ministros suele ser m\u00e1s que una formalidad: es la fotograf\u00eda inicial del rumbo que tomar\u00e1 un gobierno. En esta ocasi\u00f3n, la imagen qued\u00f3 pendiente.<\/p>\n\n\n\n<p>La reuni\u00f3n convocada en Casa Presidencial fue reprogramada sin que, hasta ahora, se anuncie una nueva fecha. El encuentro estaba llamado a convertirse en el punto de partida operativo del mandato de Nasry Asfura.<\/p>\n\n\n\n<p>El plan era claro: cada titular de instituci\u00f3n presentar\u00eda un informe detallado sobre la situaci\u00f3n en que recibi\u00f3 su dependencia. Recursos humanos, estructura administrativa, procesos internos y proyecciones inmediatas. Un diagn\u00f3stico t\u00e9cnico para medir la temperatura real del aparato estatal.<\/p>\n\n\n\n<p>Pero el trasfondo iba m\u00e1s all\u00e1 de los informes.<\/p>\n\n\n\n<p>El Consejo servir\u00eda para definir el alcance de la propuesta de Ley de Reactivaci\u00f3n Econ\u00f3mica, una iniciativa que contempla reestructuraci\u00f3n institucional y posibles fusiones o eliminaciones de entidades p\u00fablicas. Una medida que despierta expectativas y tambi\u00e9n preocupaciones.<\/p>\n\n\n\n<p>En el debate p\u00fablico ya intervino Dante Mossi, ex titular del Banco Centroamericano de Integraci\u00f3n Econ\u00f3mica, quien inst\u00f3 al mandatario a convocar cuanto antes la reuni\u00f3n para enviar se\u00f1ales claras sobre el rumbo econ\u00f3mico del pa\u00eds.<\/p>\n\n\n\n<p>A casi un mes de la toma de posesi\u00f3n, tambi\u00e9n persiste la observaci\u00f3n de que varias dependencias a\u00fan carecen de nombramientos oficiales, lo que a\u00f1ade incertidumbre sobre la velocidad de consolidaci\u00f3n del equipo gubernamental.<\/p>\n\n\n\n<p>Por ahora, la agenda est\u00e1 en blanco.<\/p>\n\n\n\n<p>Y en pol\u00edtica, cuando el calendario se mueve, tambi\u00e9n se mueven las expectativas.<\/p>\n","protected":false},"excerpt":{"rendered":"<p>Gobierno en comp\u00e1s de espera: el Consejo que deb\u00eda marcar el rumbo fue aplazado<\/p>\n","protected":false},"author":1,"featured_media":126,"comment_status":"open","ping_status":"open","sticky":false,"template":"","format":"standard","meta":{"footnotes":""},"categories":[4],"tags":[55,18],"class_list":["post-125","post","type-post","status-publish","format-standard","has-post-thumbnail","hentry","category-nacionales","tag-ministros-asfura","tag-nasry-asfura"],"brizy_media":[],"_links":{"self":[{"href":"https:\/\/prensayjusticia.com\/index.php?rest_route=\/wp\/v2\/posts\/125","targetHints":{"allow":["GET"]}}],"collection":[{"href":"https:\/\/prensayjusticia.com\/index.php?rest_route=\/wp\/v2\/posts"}],"about":[{"href":"https:\/\/prensayjusticia.com\/index.php?rest_route=\/wp\/v2\/types\/post"}],"author":[{"embeddable":true,"href":"https:\/\/prensayjusticia.com\/index.php?rest_route=\/wp\/v2\/users\/1"}],"replies":[{"embeddable":true,"href":"https:\/\/prensayjusticia.com\/index.php?rest_route=%2Fwp%2Fv2%2Fcomments&post=125"}],"version-history":[{"count":1,"href":"https:\/\/prensayjusticia.com\/index.php?rest_route=\/wp\/v2\/posts\/125\/revisions"}],"predecessor-version":[{"id":127,"href":"https:\/\/prensayjusticia.com\/index.php?rest_route=\/wp\/v2\/posts\/125\/revisions\/127"}],"wp:featuredmedia":[{"embeddable":true,"href":"https:\/\/prensayjusticia.com\/index.php?rest_route=\/wp\/v2\/media\/126"}],"wp:attachment":[{"href":"https:\/\/prensayjusticia.com\/index.php?rest_route=%2Fwp%2Fv2%2Fmedia&parent=125"}],"wp:term":[{"taxonomy":"category","embeddable":true,"href":"https:\/\/prensayjusticia.com\/index.php?rest_route=%2Fwp%2Fv2%2Fcategories&post=125"},{"taxonomy":"post_tag","embeddable":true,"href":"https:\/\/prensayjusticia.com\/index.php?rest_route=%2Fwp%2Fv2%2Ftags&post=125"}],"curies":[{"name":"wp","href":"https:\/\/api.w.org\/{rel}","templated":true}]}}