{"id":128,"date":"2026-02-19T22:28:29","date_gmt":"2026-02-19T22:28:29","guid":{"rendered":"https:\/\/prensayjusticia.com\/?p=128"},"modified":"2026-02-19T22:28:29","modified_gmt":"2026-02-19T22:28:29","slug":"arresto-real-andres-pasa-de-la-custodia-policial-a-libertad-bajo-investigacion","status":"publish","type":"post","link":"https:\/\/prensayjusticia.com\/?p=128","title":{"rendered":"Arresto real: Andr\u00e9s pasa de la custodia policial a libertad bajo investigaci\u00f3n"},"content":{"rendered":"\n<h2 class=\"wp-block-heading\">Un arresto in\u00e9dito que vuelve a estremecer a la monarqu\u00eda brit\u00e1nica<\/h2>\n\n\n\n<p>No es habitual que un miembro de la realeza brit\u00e1nica sea detenido. Mucho menos que ocurra el mismo d\u00eda de su cumplea\u00f1os.<\/p>\n\n\n\n<p>El expr\u00edncipe Andr\u00e9s fue arrestado por sospechas de conducta indebida vinculadas a su etapa como representante comercial, en un episodio conectado al caso Jeffrey Epstein. Once horas despu\u00e9s, la polic\u00eda lo dej\u00f3 en libertad bajo investigaci\u00f3n.<\/p>\n\n\n\n<p>La confirmaci\u00f3n lleg\u00f3 desde la polic\u00eda de Thames Valley, que inform\u00f3 que las diligencias realizadas en Norfolk concluyeron sin que se formularan cargos inmediatos. Las c\u00e1maras captaron su salida de la estaci\u00f3n policial poco antes de las 19:30 GMT.<\/p>\n\n\n\n<p>La frase clave es \u201cbajo investigaci\u00f3n\u201d. Significa que el proceso contin\u00faa y que el caso sigue abierto.<\/p>\n\n\n\n<p>El hecho marca un momento hist\u00f3rico para la familia real del Reino Unido, encabezada por Carlos III, quien reaccion\u00f3 se\u00f1alando que el sistema judicial debe actuar con independencia.<\/p>\n\n\n\n<p>Desde que perdi\u00f3 sus funciones oficiales, Andr\u00e9s ha permanecido apartado de la vida p\u00fablica tras las controversias derivadas de su relaci\u00f3n con Epstein. Este nuevo episodio reaviva el debate sobre transparencia, responsabilidad y el papel de la monarqu\u00eda en tiempos de escrutinio permanente.<\/p>\n\n\n\n<p>La libertad lleg\u00f3 r\u00e1pido.<br>La investigaci\u00f3n, no tanto.<\/p>\n","protected":false},"excerpt":{"rendered":"<p>Un arresto in\u00e9dito que vuelve a estremecer a la monarqu\u00eda brit\u00e1nica<\/p>\n","protected":false},"author":1,"featured_media":129,"comment_status":"open","ping_status":"open","sticky":false,"template":"","format":"standard","meta":{"footnotes":""},"categories":[3],"tags":[56],"class_list":["post-128","post","type-post","status-publish","format-standard","has-post-thumbnail","hentry","category-internacionales","tag-libre-principe-andres"],"brizy_media":[],"_links":{"self":[{"href":"https:\/\/prensayjusticia.com\/index.php?rest_route=\/wp\/v2\/posts\/128","targetHints":{"allow":["GET"]}}],"collection":[{"href":"https:\/\/prensayjusticia.com\/index.php?rest_route=\/wp\/v2\/posts"}],"about":[{"href":"https:\/\/prensayjusticia.com\/index.php?rest_route=\/wp\/v2\/types\/post"}],"author":[{"embeddable":true,"href":"https:\/\/prensayjusticia.com\/index.php?rest_route=\/wp\/v2\/users\/1"}],"replies":[{"embeddable":true,"href":"https:\/\/prensayjusticia.com\/index.php?rest_route=%2Fwp%2Fv2%2Fcomments&post=128"}],"version-history":[{"count":1,"href":"https:\/\/prensayjusticia.com\/index.php?rest_route=\/wp\/v2\/posts\/128\/revisions"}],"predecessor-version":[{"id":130,"href":"https:\/\/prensayjusticia.com\/index.php?rest_route=\/wp\/v2\/posts\/128\/revisions\/130"}],"wp:featuredmedia":[{"embeddable":true,"href":"https:\/\/prensayjusticia.com\/index.php?rest_route=\/wp\/v2\/media\/129"}],"wp:attachment":[{"href":"https:\/\/prensayjusticia.com\/index.php?rest_route=%2Fwp%2Fv2%2Fmedia&parent=128"}],"wp:term":[{"taxonomy":"category","embeddable":true,"href":"https:\/\/prensayjusticia.com\/index.php?rest_route=%2Fwp%2Fv2%2Fcategories&post=128"},{"taxonomy":"post_tag","embeddable":true,"href":"https:\/\/prensayjusticia.com\/index.php?rest_route=%2Fwp%2Fv2%2Ftags&post=128"}],"curies":[{"name":"wp","href":"https:\/\/api.w.org\/{rel}","templated":true}]}}