{"id":131,"date":"2026-02-19T22:36:42","date_gmt":"2026-02-19T22:36:42","guid":{"rendered":"https:\/\/prensayjusticia.com\/?p=131"},"modified":"2026-02-19T22:36:43","modified_gmt":"2026-02-19T22:36:43","slug":"moda-viral-o-identidad-profunda-la-tendencia-que-pocos-comprenden","status":"publish","type":"post","link":"https:\/\/prensayjusticia.com\/?p=131","title":{"rendered":"\u00bfModa viral o identidad profunda? La tendencia que pocos comprenden"},"content":{"rendered":"\n<h2 class=\"wp-block-heading\">Therians\u2019: identidad, redes sociales y una conversaci\u00f3n que apenas comienza<\/h2>\n\n\n\n<p>Las redes sociales vuelven a marcar tendencia. Esta vez, con j\u00f3venes que se desplazan en cuatro patas, portan m\u00e1scaras de animales y aseguran sentir una conexi\u00f3n interna con especies no humanas.<\/p>\n\n\n\n<p>Se hacen llamar <em>therians<\/em>.<\/p>\n\n\n\n<p>El concepto deriva de la <em>therianthropy<\/em>, una forma de identificaci\u00f3n en la que la persona experimenta un v\u00ednculo profundo con un animal. No es cosplay, no es simple entretenimiento, sostienen quienes forman parte del fen\u00f3meno. Es, seg\u00fan describen, una dimensi\u00f3n identitaria.<\/p>\n\n\n\n<p>En Argentina y Chile se han documentado reuniones p\u00fablicas que han generado sorpresa y debate. Algunos encuentros transcurren sin incidentes; otros han provocado situaciones pol\u00e9micas, como denuncias de comportamientos inusuales en espacios p\u00fablicos.<\/p>\n\n\n\n<p>El auge actual tiene un componente clave: la viralizaci\u00f3n. Videos y fotograf\u00edas amplifican lo que antes era una expresi\u00f3n minoritaria surgida en foros de internet en los a\u00f1os noventa.<\/p>\n\n\n\n<p>La diferencia con el movimiento \u201cfurry\u201d radica, seg\u00fan los propios <em>therians<\/em>, en el nivel de identificaci\u00f3n. Mientras el primero se vive como una expresi\u00f3n art\u00edstica o recreativa, el segundo se plantea como una vivencia interna.<\/p>\n\n\n\n<p>En el \u00e1mbito acad\u00e9mico, psic\u00f3logos y psiquiatras advierten que la identificaci\u00f3n no constituye una enfermedad. Sin embargo, subrayan que debe observarse si afecta la funcionalidad diaria o provoca angustia.<\/p>\n\n\n\n<p>El fen\u00f3meno tambi\u00e9n ha generado inquietud en algunos sectores del activismo por los derechos de la diversidad, que temen que pueda usarse para deslegitimar debates complejos sobre identidad de g\u00e9nero.<\/p>\n\n\n\n<p>En paralelo, iniciativas como Fyrulais muestran hasta qu\u00e9 punto la tendencia est\u00e1 tomando forma estructurada.<\/p>\n\n\n\n<p>Lo que comenz\u00f3 como una palabra desconocida ahora forma parte de la conversaci\u00f3n p\u00fablica.<\/p>\n\n\n\n<p>Y como ocurre con muchas expresiones nacidas en internet, el tiempo dir\u00e1 si se trata de una moda pasajera o de una identidad que lleg\u00f3 para quedarse.<\/p>\n","protected":false},"excerpt":{"rendered":"<p>Therians\u2019: identidad, redes sociales y una conversaci\u00f3n que apenas comienza<\/p>\n","protected":false},"author":1,"featured_media":132,"comment_status":"open","ping_status":"open","sticky":false,"template":"","format":"standard","meta":{"footnotes":""},"categories":[3],"tags":[57],"class_list":["post-131","post","type-post","status-publish","format-standard","has-post-thumbnail","hentry","category-internacionales","tag-tendencia-therians"],"brizy_media":[],"_links":{"self":[{"href":"https:\/\/prensayjusticia.com\/index.php?rest_route=\/wp\/v2\/posts\/131","targetHints":{"allow":["GET"]}}],"collection":[{"href":"https:\/\/prensayjusticia.com\/index.php?rest_route=\/wp\/v2\/posts"}],"about":[{"href":"https:\/\/prensayjusticia.com\/index.php?rest_route=\/wp\/v2\/types\/post"}],"author":[{"embeddable":true,"href":"https:\/\/prensayjusticia.com\/index.php?rest_route=\/wp\/v2\/users\/1"}],"replies":[{"embeddable":true,"href":"https:\/\/prensayjusticia.com\/index.php?rest_route=%2Fwp%2Fv2%2Fcomments&post=131"}],"version-history":[{"count":1,"href":"https:\/\/prensayjusticia.com\/index.php?rest_route=\/wp\/v2\/posts\/131\/revisions"}],"predecessor-version":[{"id":133,"href":"https:\/\/prensayjusticia.com\/index.php?rest_route=\/wp\/v2\/posts\/131\/revisions\/133"}],"wp:featuredmedia":[{"embeddable":true,"href":"https:\/\/prensayjusticia.com\/index.php?rest_route=\/wp\/v2\/media\/132"}],"wp:attachment":[{"href":"https:\/\/prensayjusticia.com\/index.php?rest_route=%2Fwp%2Fv2%2Fmedia&parent=131"}],"wp:term":[{"taxonomy":"category","embeddable":true,"href":"https:\/\/prensayjusticia.com\/index.php?rest_route=%2Fwp%2Fv2%2Fcategories&post=131"},{"taxonomy":"post_tag","embeddable":true,"href":"https:\/\/prensayjusticia.com\/index.php?rest_route=%2Fwp%2Fv2%2Ftags&post=131"}],"curies":[{"name":"wp","href":"https:\/\/api.w.org\/{rel}","templated":true}]}}