{"id":134,"date":"2026-02-19T22:42:51","date_gmt":"2026-02-19T22:42:51","guid":{"rendered":"https:\/\/prensayjusticia.com\/?p=134"},"modified":"2026-03-02T22:42:32","modified_gmt":"2026-03-02T22:42:32","slug":"congreso-bajo-presion-argentina-se-levanta-contra-la-reforma-laboral","status":"publish","type":"post","link":"https:\/\/prensayjusticia.com\/?p=134","title":{"rendered":"Congreso bajo presi\u00f3n: Argentina se levanta contra la reforma laboral"},"content":{"rendered":"<script async src=\"https:\/\/pagead2.googlesyndication.com\/pagead\/js\/adsbygoogle.js?client=ca-pub-8998564550114528\"\n     crossorigin=\"anonymous\"><\/script>\n\n\n\n<h2 class=\"wp-block-heading\">Calles desiertas, Congreso blindado: la Argentina que debate su futuro laboral<\/h2>\n\n\n\n<p>Buenos Aires ofrec\u00eda este jueves una imagen inusual: avenidas amplias casi vac\u00edas, estaciones cerradas y paneles de aeropuertos te\u00f1idos de rojo por vuelos cancelados.<\/p>\n\n\n\n<p>La huelga general convocada por la CGT marc\u00f3 un punto de inflexi\u00f3n en la discusi\u00f3n sobre la reforma laboral promovida por el presidente Javier Milei.<\/p>\n\n\n\n<p>El proyecto, que ya cuenta con media sanci\u00f3n del Senado, propone transformaciones profundas en el r\u00e9gimen laboral argentino. El Ejecutivo argumenta que se trata de una actualizaci\u00f3n necesaria para dinamizar la econom\u00eda y atraer capitales. Los sindicatos sostienen que implica un retroceso en derechos adquiridos.<\/p>\n\n\n\n<p>Mientras la C\u00e1mara de Diputados debate en una sesi\u00f3n tensa encabezada por Mart\u00edn Menem, la presi\u00f3n en la calle crece.<\/p>\n\n\n\n<p>M\u00e1s de 400 vuelos suspendidos, transporte urbano pr\u00e1cticamente paralizado y servicios p\u00fablicos operando a medias evidencian el alcance de la medida. Comercios abiertos enfrentaron baja circulaci\u00f3n y ventas escasas.<\/p>\n\n\n\n<p>El gobierno endureci\u00f3 su postura y reforz\u00f3 la seguridad en torno al Congreso. La ministra Alejandra Monteoliva fue enf\u00e1tica: cualquier alteraci\u00f3n del orden tendr\u00e1 consecuencias.<\/p>\n\n\n\n<p>En paralelo, la econom\u00eda atraviesa un momento complejo, con cierres industriales recientes que alimentan el malestar social. El caso de la hist\u00f3rica f\u00e1brica de neum\u00e1ticos Fate, que anunci\u00f3 el cierre de su planta tras m\u00e1s de ocho d\u00e9cadas, se convirti\u00f3 en s\u00edmbolo de esa tensi\u00f3n.<\/p>\n\n\n\n<p>El resultado del debate en Diputados no ser\u00e1 definitivo: la modificaci\u00f3n de un art\u00edculo obligar\u00eda a un nuevo tratamiento en el Senado.<\/p>\n\n\n\n<p>La jornada deja una escena clara:<br>Argentina no solo discute una reforma laboral. Est\u00e1 redefiniendo el equilibrio entre competitividad econ\u00f3mica y protecci\u00f3n social.<\/p>\n\n\n\n<p>Y el desenlace a\u00fan est\u00e1 abierto.<\/p>\n","protected":false},"excerpt":{"rendered":"<p>Calles desiertas, Congreso blindado: la Argentina que debate su futuro laboral<\/p>\n","protected":false},"author":1,"featured_media":135,"comment_status":"open","ping_status":"open","sticky":false,"template":"","format":"standard","meta":{"footnotes":""},"categories":[1],"tags":[],"class_list":["post-134","post","type-post","status-publish","format-standard","has-post-thumbnail","hentry","category-uncategorized"],"brizy_media":[],"_links":{"self":[{"href":"https:\/\/prensayjusticia.com\/index.php?rest_route=\/wp\/v2\/posts\/134","targetHints":{"allow":["GET"]}}],"collection":[{"href":"https:\/\/prensayjusticia.com\/index.php?rest_route=\/wp\/v2\/posts"}],"about":[{"href":"https:\/\/prensayjusticia.com\/index.php?rest_route=\/wp\/v2\/types\/post"}],"author":[{"embeddable":true,"href":"https:\/\/prensayjusticia.com\/index.php?rest_route=\/wp\/v2\/users\/1"}],"replies":[{"embeddable":true,"href":"https:\/\/prensayjusticia.com\/index.php?rest_route=%2Fwp%2Fv2%2Fcomments&post=134"}],"version-history":[{"count":2,"href":"https:\/\/prensayjusticia.com\/index.php?rest_route=\/wp\/v2\/posts\/134\/revisions"}],"predecessor-version":[{"id":145,"href":"https:\/\/prensayjusticia.com\/index.php?rest_route=\/wp\/v2\/posts\/134\/revisions\/145"}],"wp:featuredmedia":[{"embeddable":true,"href":"https:\/\/prensayjusticia.com\/index.php?rest_route=\/wp\/v2\/media\/135"}],"wp:attachment":[{"href":"https:\/\/prensayjusticia.com\/index.php?rest_route=%2Fwp%2Fv2%2Fmedia&parent=134"}],"wp:term":[{"taxonomy":"category","embeddable":true,"href":"https:\/\/prensayjusticia.com\/index.php?rest_route=%2Fwp%2Fv2%2Fcategories&post=134"},{"taxonomy":"post_tag","embeddable":true,"href":"https:\/\/prensayjusticia.com\/index.php?rest_route=%2Fwp%2Fv2%2Ftags&post=134"}],"curies":[{"name":"wp","href":"https:\/\/api.w.org\/{rel}","templated":true}]}}