{"id":147,"date":"2026-03-06T00:03:21","date_gmt":"2026-03-06T00:03:21","guid":{"rendered":"https:\/\/prensayjusticia.com\/?p=147"},"modified":"2026-03-06T00:22:25","modified_gmt":"2026-03-06T00:22:25","slug":"%f0%9d%97%a3%f0%9d%97%bf%f0%9d%97%b2%f0%9d%98%80%f0%9d%97%b6%f0%9d%97%b1%f0%9d%97%b2%f0%9d%97%bb%f0%9d%98%81%f0%9d%97%b2-%f0%9d%97%a1%f0%9d%97%ae%f0%9d%98%80%f0%9d%97%bf%f0%9d%98%86-%f0%9d%97%94","status":"publish","type":"post","link":"https:\/\/prensayjusticia.com\/?p=147","title":{"rendered":"\ud835\udde3\ud835\uddff\ud835\uddf2\ud835\ude00\ud835\uddf6\ud835\uddf1\ud835\uddf2\ud835\uddfb\ud835\ude01\ud835\uddf2 \ud835\udde1\ud835\uddee\ud835\ude00\ud835\uddff\ud835\ude06 \ud835\uddd4\ud835\ude00\ud835\uddf3\ud835\ude02\ud835\uddff\ud835\uddee \ud835\ude00\ud835\uddfc\ud835\ude00\ud835\ude01\ud835\uddf6\ud835\uddf2\ud835\uddfb\ud835\uddf2 \ud835\uddf6\ud835\uddfa\ud835\uddfd\ud835\uddfc\ud835\uddff\ud835\ude01\ud835\uddee\ud835\uddfb\ud835\ude01\ud835\uddf2 \ud835\uddff\ud835\uddf2\ud835\ude02\ud835\uddfb\ud835\uddf6\ud835\uddfc\u0301\ud835\uddfb \ud835\uddf0\ud835\uddfc\ud835\uddfb \ud835\uddf2\ud835\uddf9 \ud835\uddfd\ud835\uddff\ud835\uddf2\ud835\ude00\ud835\uddf6\ud835\uddf1\ud835\uddf2\ud835\uddfb\ud835\ude01\ud835\uddf2 \ud835\uddf1\ud835\uddf2\ud835\uddf9 \ud835\uddd5\ud835\udddc\ud835\uddd7 \ud835\uddf2\ud835\uddfb \ud835\uddea\ud835\uddee\ud835\ude00\ud835\uddf5\ud835\uddf6\ud835\uddfb\ud835\uddf4\ud835\ude01\ud835\uddfc\ud835\uddfb \ud835\uddd7.\ud835\uddd6."},"content":{"rendered":"\n<p><\/p>\n\n\n\n<p>El presidente Nasry Asfura sostuvo una reuni\u00f3n de trabajo en Washington, D.C. con Ilan Goldfajn, para fortalecer la cooperaci\u00f3n financiera y t\u00e9cnica entre Honduras y el Banco Interamericano de Desarrollo (BID).<\/p>\n\n\n\n<p>Durante el encuentro se abordaron proyectos estrat\u00e9gicos en educaci\u00f3n, salud, transformaci\u00f3n digital y desarrollo productivo, as\u00ed como un posible apoyo presupuestario de 50 a 100 millones de d\u00f3lares para programas prioritarios del Gobierno.<\/p>\n\n\n\n<p>Tambi\u00e9n se presentaron iniciativas orientadas a mejorar la competitividad del pa\u00eds, como la Oficina Presidencial de Comercio Exterior, que coordinar\u00e1 la pol\u00edtica comercial internacional y la simplificaci\u00f3n administrativa en comercio exterior.<\/p>\n\n\n\n<p>Asimismo, se destac\u00f3 el programa Talent App, que contempla 10 mil becas de capacitaci\u00f3n digital en alianza con el sector privado, el BID y becas impulsadas por Google, con avances que ser\u00e1n presentados el 23 de marzo.<\/p>\n\n\n\n<p>El presidente del BID expres\u00f3 adem\u00e1s su disposici\u00f3n de realizar una pr\u00f3xima visita oficial a Honduras para continuar impulsando proyectos de desarrollo y cooperaci\u00f3n con el pa\u00eds.<\/p>\n","protected":false},"excerpt":{"rendered":"<p>\ud835\udde3\ud835\uddff\ud835\uddf2\ud835\ude00\ud835\uddf6\ud835\uddf1\ud835\uddf2\ud835\uddfb\ud835\ude01\ud835\uddf2 \ud835\udde1\ud835\uddee\ud835\ude00\ud835\uddff\ud835\ude06 \ud835\uddd4\ud835\ude00\ud835\uddf3\ud835\ude02\ud835\uddff\ud835\uddee \ud835\ude00\ud835\uddfc\ud835\ude00\ud835\ude01\ud835\uddf6\ud835\uddf2\ud835\uddfb\ud835\uddf2 \ud835\uddf6\ud835\uddfa\ud835\uddfd\ud835\uddfc\ud835\uddff\ud835\ude01\ud835\uddee\ud835\uddfb\ud835\ude01\ud835\uddf2 \ud835\uddff\ud835\uddf2\ud835\ude02\ud835\uddfb\ud835\uddf6\ud835\uddfc\u0301\ud835\uddfb \ud835\uddf0\ud835\uddfc\ud835\uddfb \ud835\uddf2\ud835\uddf9 \ud835\uddfd\ud835\uddff\ud835\uddf2\ud835\ude00\ud835\uddf6\ud835\uddf1\ud835\uddf2\ud835\uddfb\ud835\ude01\ud835\uddf2 \ud835\uddf1\ud835\uddf2\ud835\uddf9 \ud835\uddd5\ud835\udddc\ud835\uddd7 \ud835\uddf2\ud835\uddfb \ud835\uddea\ud835\uddee\ud835\ude00\ud835\uddf5\ud835\uddf6\ud835\uddfb\ud835\uddf4\ud835\ude01\ud835\uddfc\ud835\uddfb \ud835\uddd7.\ud835\uddd6.<\/p>\n","protected":false},"author":2,"featured_media":157,"comment_status":"open","ping_status":"open","sticky":false,"template":"","format":"standard","meta":{"footnotes":""},"categories":[4],"tags":[60,11,18,61],"class_list":["post-147","post","type-post","status-publish","format-standard","has-post-thumbnail","hentry","category-nacionales","tag-bid","tag-donald-trump","tag-nasry-asfura","tag-whasintong"],"brizy_media":[],"_links":{"self":[{"href":"https:\/\/prensayjusticia.com\/index.php?rest_route=\/wp\/v2\/posts\/147","targetHints":{"allow":["GET"]}}],"collection":[{"href":"https:\/\/prensayjusticia.com\/index.php?rest_route=\/wp\/v2\/posts"}],"about":[{"href":"https:\/\/prensayjusticia.com\/index.php?rest_route=\/wp\/v2\/types\/post"}],"author":[{"embeddable":true,"href":"https:\/\/prensayjusticia.com\/index.php?rest_route=\/wp\/v2\/users\/2"}],"replies":[{"embeddable":true,"href":"https:\/\/prensayjusticia.com\/index.php?rest_route=%2Fwp%2Fv2%2Fcomments&post=147"}],"version-history":[{"count":3,"href":"https:\/\/prensayjusticia.com\/index.php?rest_route=\/wp\/v2\/posts\/147\/revisions"}],"predecessor-version":[{"id":153,"href":"https:\/\/prensayjusticia.com\/index.php?rest_route=\/wp\/v2\/posts\/147\/revisions\/153"}],"wp:featuredmedia":[{"embeddable":true,"href":"https:\/\/prensayjusticia.com\/index.php?rest_route=\/wp\/v2\/media\/157"}],"wp:attachment":[{"href":"https:\/\/prensayjusticia.com\/index.php?rest_route=%2Fwp%2Fv2%2Fmedia&parent=147"}],"wp:term":[{"taxonomy":"category","embeddable":true,"href":"https:\/\/prensayjusticia.com\/index.php?rest_route=%2Fwp%2Fv2%2Fcategories&post=147"},{"taxonomy":"post_tag","embeddable":true,"href":"https:\/\/prensayjusticia.com\/index.php?rest_route=%2Fwp%2Fv2%2Ftags&post=147"}],"curies":[{"name":"wp","href":"https:\/\/api.w.org\/{rel}","templated":true}]}}