{"id":164,"date":"2026-03-06T07:43:29","date_gmt":"2026-03-06T07:43:29","guid":{"rendered":"https:\/\/prensayjusticia.com\/?p=164"},"modified":"2026-03-06T07:43:29","modified_gmt":"2026-03-06T07:43:29","slug":"rasel-tome-ahora-encuentra-mejores-condiciones-para-ser-la-quinta-columna-de-libre","status":"publish","type":"post","link":"https:\/\/prensayjusticia.com\/?p=164","title":{"rendered":"&#8221;Rasel Tome ahora encuentra mejores condiciones para ser la quinta columna de Libre&#8221;."},"content":{"rendered":"\n<p>El exembajador de Honduras en Cuba, Andr\u00e9s Pav\u00f3n Murillo, cuestion\u00f3 en sus redes sociales al exprecandidato presidencial de Libre, Rasel Antonio Tome, se\u00f1al\u00e1ndolo de ser quinta columna, por sus ultimas posiciones en ese instituto pol\u00edtico.<\/p>\n\n\n\n<p>Pav\u00f3n dijo conocer perfectamente a Tom\u00e9&#8221; Lo conoc\u00ed como trabajador judicial. En ese tiempo, su militancia en el FUUD fue esencial para servir en el poder judicial, varios cargos hasta llegar a Juez. Luego lo encontr\u00e9 en un restaurante-bar, Likos. En ese lugar, \u00e9l hac\u00eda c\u00e1lculos para ubicar un cargo en el gobierno de Mel. Lo acompa\u00f1aba un amigo periodista que, ya en el gobierno del presidente Mel, amaneci\u00f3 muerto en su oficina, no recuerdo por ahora si en Casa Presidencial.<\/p>\n\n\n\n<p>&#8221;Despu\u00e9s lo vi aparecer, unos 15 d\u00edas despu\u00e9s del golpe, encaramado en un cami\u00f3n con parlantes, en una marcha contra el golpe. Meses despu\u00e9s me acompa\u00f1\u00f3 a Rep\u00fablica Dominicana en una visita que hice al presidente Zelaya. Recuerdo que el presidente le encarg\u00f3 un gel o fijador para el pelo. D\u00edas despu\u00e9s, lo observ\u00e9 con el pelo brillante y pegajoso, y una chumpa negra en una imitaci\u00f3n al presidente Zelaya&#8221; record\u00f3 el exembajador.<\/p>\n\n\n\n<figure class=\"wp-block-image size-full\"><img loading=\"lazy\" decoding=\"async\" width=\"940\" height=\"579\" src=\"https:\/\/prensayjusticia.com\/wp-content\/uploads\/2026\/03\/WhatsApp-Image-2026-03-06-at-1.21.23-AM-1.jpeg\" alt=\"\" class=\"wp-image-166\" srcset=\"https:\/\/prensayjusticia.com\/wp-content\/uploads\/2026\/03\/WhatsApp-Image-2026-03-06-at-1.21.23-AM-1.jpeg 940w, https:\/\/prensayjusticia.com\/wp-content\/uploads\/2026\/03\/WhatsApp-Image-2026-03-06-at-1.21.23-AM-1-300x185.jpeg 300w, https:\/\/prensayjusticia.com\/wp-content\/uploads\/2026\/03\/WhatsApp-Image-2026-03-06-at-1.21.23-AM-1-768x473.jpeg 768w\" sizes=\"auto, (max-width: 940px) 100vw, 940px\" \/><\/figure>\n\n\n\n<p>Pav\u00f3n Murillo,  califica al pol\u00edtico como oportunista&#8221; \u00e9l no es traidor, es un oportunista de derecha. Hoy tiene la oportunidad de volver a sus or\u00edgenes como cu\u00f1a para rajar, en dos, a Libre. De lo que estoy seguro es que no hemos albergado las mismas ideas: yo no he militado en donde \u00e9l se ha juntado para conspirar&#8221;.<\/p>\n\n\n\n<p>Finalmente el diplom\u00e1tico, se\u00f1alo directamente&#8221; Rasel es un hombre de derecha, no conoce de izquierdas m\u00e1s que los comentarios de caf\u00e9 y bares. Y ahora encuentra mejores condiciones para ser la quinta columna de Libre, donde dice que su firma aparece en cada papel que justifica la existencia legal de ese partido; donde trata, ya no solo de engrudarse el pelo, tambi\u00e9n imitar el acento verbal de quien lo ignora por presumido&#8221;.<\/p>\n\n\n\n<p><\/p>\n","protected":false},"excerpt":{"rendered":"<p>El exembajador de Honduras en Cuba, Andr\u00e9s Pav\u00f3n Murillo, cuestion\u00f3 en sus redes sociales al exprecandidato presidencial de<\/p>\n","protected":false},"author":2,"featured_media":165,"comment_status":"open","ping_status":"open","sticky":false,"template":"","format":"standard","meta":{"footnotes":""},"categories":[4],"tags":[62],"class_list":["post-164","post","type-post","status-publish","format-standard","has-post-thumbnail","hentry","category-nacionales","tag-andres-pavon-rassel-tome-libre"],"brizy_media":[],"_links":{"self":[{"href":"https:\/\/prensayjusticia.com\/index.php?rest_route=\/wp\/v2\/posts\/164","targetHints":{"allow":["GET"]}}],"collection":[{"href":"https:\/\/prensayjusticia.com\/index.php?rest_route=\/wp\/v2\/posts"}],"about":[{"href":"https:\/\/prensayjusticia.com\/index.php?rest_route=\/wp\/v2\/types\/post"}],"author":[{"embeddable":true,"href":"https:\/\/prensayjusticia.com\/index.php?rest_route=\/wp\/v2\/users\/2"}],"replies":[{"embeddable":true,"href":"https:\/\/prensayjusticia.com\/index.php?rest_route=%2Fwp%2Fv2%2Fcomments&post=164"}],"version-history":[{"count":1,"href":"https:\/\/prensayjusticia.com\/index.php?rest_route=\/wp\/v2\/posts\/164\/revisions"}],"predecessor-version":[{"id":167,"href":"https:\/\/prensayjusticia.com\/index.php?rest_route=\/wp\/v2\/posts\/164\/revisions\/167"}],"wp:featuredmedia":[{"embeddable":true,"href":"https:\/\/prensayjusticia.com\/index.php?rest_route=\/wp\/v2\/media\/165"}],"wp:attachment":[{"href":"https:\/\/prensayjusticia.com\/index.php?rest_route=%2Fwp%2Fv2%2Fmedia&parent=164"}],"wp:term":[{"taxonomy":"category","embeddable":true,"href":"https:\/\/prensayjusticia.com\/index.php?rest_route=%2Fwp%2Fv2%2Fcategories&post=164"},{"taxonomy":"post_tag","embeddable":true,"href":"https:\/\/prensayjusticia.com\/index.php?rest_route=%2Fwp%2Fv2%2Ftags&post=164"}],"curies":[{"name":"wp","href":"https:\/\/api.w.org\/{rel}","templated":true}]}}