{"id":25,"date":"2026-01-20T17:48:19","date_gmt":"2026-01-20T17:48:19","guid":{"rendered":"https:\/\/prensayjusticia.com\/?p=25"},"modified":"2026-01-20T19:48:01","modified_gmt":"2026-01-20T19:48:01","slug":"trump-publica-imagen-ai-que-muestra-a-venezuela-canada-y-groenlandia-como-territorios-de-ee-uu-y-desata-controversia-internacional","status":"publish","type":"post","link":"https:\/\/prensayjusticia.com\/?p=25","title":{"rendered":"Trump Publica Imagen AI que Muestra a Venezuela, Canad\u00e1 y Groenlandia Como Territorios de EE. UU. y Desata Controversia Internacional"},"content":{"rendered":"\n<p>El presidente de Estados Unidos, <strong>Donald Trump<\/strong>, encendi\u00f3 este martes la pol\u00e9mica global al difundir en su red social <em>Truth Social<\/em> una imagen generada con <strong>inteligencia artificial (IA)<\/strong> en la que <strong>Venezuela, Canad\u00e1 y Groenlandia aparecen integrados como territorios estadounidenses bajo la bandera de EE. UU.<\/strong><\/p>\n\n\n\n<p>La imagen forma parte de un montaje difundido junto a una fotograf\u00eda original tomada en <strong>agosto de 2025 en el Despacho Oval de la Casa Blanca<\/strong>, durante una reuni\u00f3n con l\u00edderes europeos y representantes de la OTAN. En el montaje, el mapa de Am\u00e9rica exhibe la bandera estadounidense extendida sobre los territorios de los tres pa\u00edses, un a\u00f1adido generado digitalmente que no corresponde con hechos reales.<\/p>\n\n\n\n<figure class=\"wp-block-image size-large\"><img loading=\"lazy\" decoding=\"async\" width=\"1024\" height=\"576\" src=\"https:\/\/prensayjusticia.com\/wp-content\/uploads\/2026\/01\/Prensa-Y-Justicia-1024x576.png\" alt=\"\" class=\"wp-image-27\" srcset=\"https:\/\/prensayjusticia.com\/wp-content\/uploads\/2026\/01\/Prensa-Y-Justicia-1024x576.png 1024w, https:\/\/prensayjusticia.com\/wp-content\/uploads\/2026\/01\/Prensa-Y-Justicia-300x169.png 300w, https:\/\/prensayjusticia.com\/wp-content\/uploads\/2026\/01\/Prensa-Y-Justicia-768x432.png 768w, https:\/\/prensayjusticia.com\/wp-content\/uploads\/2026\/01\/Prensa-Y-Justicia.png 1280w\" sizes=\"auto, (max-width: 1024px) 100vw, 1024px\" \/><\/figure>\n\n\n\n<p>En la escena modificada aparecen, entre otros, la presidenta de la Comisi\u00f3n Europea, <strong>Ursula von der Leyen<\/strong>; el primer ministro brit\u00e1nico, <strong>Keir Starmer<\/strong>; la italiana <strong>Giorgia Meloni<\/strong>; el canciller alem\u00e1n <strong>Friedrich Merz<\/strong>; el l\u00edder finland\u00e9s <strong>Alexander Stubb<\/strong> y el presidente ucraniano <strong>Volod\u00edmir Zelenski<\/strong>.<\/p>\n\n\n\n<p>La difusi\u00f3n de esta imagen coincide con la intensificaci\u00f3n de la ret\u00f3rica de Trump sobre la pol\u00edtica exterior. El presidente ha manifestado en varias ocasiones que <strong>considera que Canad\u00e1 podr\u00eda formar parte de Estados Unidos<\/strong>, una idea que ha generado rechazo en Ottawa. Adem\u00e1s, ha profundizado su presi\u00f3n sobre <strong>Groenlandia<\/strong>, un territorio aut\u00f3nomo bajo soberan\u00eda danesa, insistiendo en que su posesi\u00f3n ser\u00eda crucial para la \u201cseguridad nacional\u201d \u2014 e incluso sugiriendo que no descarta utilizar la fuerza para lograrla.<\/p>\n\n\n\n<p>Por su parte, <strong>el gobierno venezolano calific\u00f3 la imagen de \u201cfake\u201d<\/strong>, repudiando la representaci\u00f3n y subrayando su falsedad, lo que pone de relieve el choque diplom\u00e1tico que se ha generado en varias capitales del continente.<\/p>\n\n\n\n<p>La publicaci\u00f3n llega apenas horas antes de que Trump participe en el <strong>Foro Econ\u00f3mico Mundial de Davos<\/strong>, en Suiza, donde se espera que aborde, entre otros temas, la pol\u00e9mica en torno a Groenlandia con dirigentes europeos y aliados de la OTAN.<\/p>\n","protected":false},"excerpt":{"rendered":"<p> Donald Trump, encendi\u00f3 este martes la pol\u00e9mica global al difundir en su red social Truth Social una imagen generada con inteligencia artificial (IA) en la que Venezuela, Canad\u00e1 y Groenlandia aparecen integrados como territorios estadounidenses bajo la bandera de EE. UU.<\/p>\n","protected":false},"author":1,"featured_media":29,"comment_status":"open","ping_status":"open","sticky":false,"template":"","format":"standard","meta":{"footnotes":""},"categories":[3],"tags":[10,11,8,9],"class_list":["post-25","post","type-post","status-publish","format-standard","has-post-thumbnail","hentry","category-internacionales","tag-canada","tag-donald-trump","tag-groenlandia","tag-venezuela"],"brizy_media":[],"_links":{"self":[{"href":"https:\/\/prensayjusticia.com\/index.php?rest_route=\/wp\/v2\/posts\/25","targetHints":{"allow":["GET"]}}],"collection":[{"href":"https:\/\/prensayjusticia.com\/index.php?rest_route=\/wp\/v2\/posts"}],"about":[{"href":"https:\/\/prensayjusticia.com\/index.php?rest_route=\/wp\/v2\/types\/post"}],"author":[{"embeddable":true,"href":"https:\/\/prensayjusticia.com\/index.php?rest_route=\/wp\/v2\/users\/1"}],"replies":[{"embeddable":true,"href":"https:\/\/prensayjusticia.com\/index.php?rest_route=%2Fwp%2Fv2%2Fcomments&post=25"}],"version-history":[{"count":2,"href":"https:\/\/prensayjusticia.com\/index.php?rest_route=\/wp\/v2\/posts\/25\/revisions"}],"predecessor-version":[{"id":28,"href":"https:\/\/prensayjusticia.com\/index.php?rest_route=\/wp\/v2\/posts\/25\/revisions\/28"}],"wp:featuredmedia":[{"embeddable":true,"href":"https:\/\/prensayjusticia.com\/index.php?rest_route=\/wp\/v2\/media\/29"}],"wp:attachment":[{"href":"https:\/\/prensayjusticia.com\/index.php?rest_route=%2Fwp%2Fv2%2Fmedia&parent=25"}],"wp:term":[{"taxonomy":"category","embeddable":true,"href":"https:\/\/prensayjusticia.com\/index.php?rest_route=%2Fwp%2Fv2%2Fcategories&post=25"},{"taxonomy":"post_tag","embeddable":true,"href":"https:\/\/prensayjusticia.com\/index.php?rest_route=%2Fwp%2Fv2%2Ftags&post=25"}],"curies":[{"name":"wp","href":"https:\/\/api.w.org\/{rel}","templated":true}]}}