{"id":40,"date":"2026-01-25T21:56:02","date_gmt":"2026-01-25T21:56:02","guid":{"rendered":"https:\/\/prensayjusticia.com\/?p=40"},"modified":"2026-01-25T21:59:13","modified_gmt":"2026-01-25T21:59:13","slug":"por-que-hoy-honduras-se-detiene-para-honrar-a-la-mujer","status":"publish","type":"post","link":"https:\/\/prensayjusticia.com\/?p=40","title":{"rendered":"\u00bfPor qu\u00e9 hoy Honduras se detiene para honrar a la mujer?"},"content":{"rendered":"\n<p>La historia, la lucha y la deuda pendiente detr\u00e1s del D\u00eda de la Mujer<\/p>\n\n\n\n<p><em>Por Redacci\u00f3n Especial \u2013 <\/em>Fermin Garcia<\/p>\n\n\n\n<p><\/p>\n\n\n\n<hr class=\"wp-block-separator has-alpha-channel-opacity\"\/>\n\n\n\n<h1 class=\"wp-block-heading\"><\/h1>\n\n\n\n<p>La historia, la lucha y la deuda pendiente detr\u00e1s del D\u00eda de la Mujer**<\/p>\n\n\n\n<p><em>Por Redacci\u00f3n Especial \u2013 Investigaci\u00f3n<\/em><\/p>\n\n\n\n<p>Hoy Honduras no conmemora una fecha cualquiera. Hoy no se trata de flores, ni de mensajes vac\u00edos, ni de publicaciones bonitas en redes sociales. Hoy el pa\u00eds mira \u2014o deber\u00eda mirar\u2014 de frente una historia marcada por fuego, sangre, dignidad y resistencia. Hoy se recuerda <strong>el D\u00eda Internacional de la Mujer<\/strong>, una fecha que nace del dolor, pero que florece en lucha.<\/p>\n\n\n\n<figure class=\"wp-block-image size-large\"><img loading=\"lazy\" decoding=\"async\" width=\"703\" height=\"1024\" src=\"https:\/\/prensayjusticia.com\/wp-content\/uploads\/2026\/01\/mujer-703x1024.jpg\" alt=\"La historia, la lucha y la deuda pendiente detr\u00e1s del D\u00eda de la Mujer\" class=\"wp-image-38\" srcset=\"https:\/\/prensayjusticia.com\/wp-content\/uploads\/2026\/01\/mujer-703x1024.jpg 703w, https:\/\/prensayjusticia.com\/wp-content\/uploads\/2026\/01\/mujer-206x300.jpg 206w, https:\/\/prensayjusticia.com\/wp-content\/uploads\/2026\/01\/mujer.jpg 736w\" sizes=\"auto, (max-width: 703px) 100vw, 703px\" \/><\/figure>\n\n\n\n<p>Pero\u2026<br><strong>\u00bfPor qu\u00e9 se celebra hoy?<\/strong><br><strong>\u00bfQu\u00e9 tiene que ver Honduras con esta historia mundial?<\/strong><br><strong>\u00bfY por qu\u00e9, m\u00e1s de un siglo despu\u00e9s, la conmemoraci\u00f3n sigue siendo necesaria?<\/strong><\/p>\n\n\n\n<hr class=\"wp-block-separator has-alpha-channel-opacity\"\/>\n\n\n\n<h2 class=\"wp-block-heading\"><strong>El origen: cuando ser mujer y trabajadora costaba la vida<\/strong><\/h2>\n\n\n\n<p>La historia comienza lejos de Honduras, pero sus ecos resuenan fuerte en nuestras calles, f\u00e1bricas, maquilas y hogares.<\/p>\n\n\n\n<p>El <strong>8 de marzo de 1908<\/strong>, en Nueva York, m\u00e1s de 15 mil mujeres trabajadoras marcharon exigiendo algo que hoy parecer\u00eda b\u00e1sico:<br>jornadas laborales justas, mejores salarios y el derecho a votar.<br>No ped\u00edan privilegios. Ped\u00edan dignidad.<\/p>\n\n\n\n<p>Un a\u00f1o despu\u00e9s, en <strong>1909<\/strong>, ocurri\u00f3 uno de los episodios m\u00e1s oscuros del movimiento obrero femenino. En la f\u00e1brica textil <strong>Triangle Shirtwaist<\/strong>, un incendio atrap\u00f3 a m\u00e1s de 140 mujeres \u2014en su mayor\u00eda j\u00f3venes inmigrantes\u2014 porque las puertas estaban cerradas con llave para evitar \u201crobos\u201d y \u201cp\u00e9rdidas de tiempo\u201d.<\/p>\n\n\n\n<p>Murieron quemadas.<br>Murieron asfixiadas.<br>Murieron saltando por las ventanas.<\/p>\n\n\n\n<p>Ese d\u00eda el mundo entendi\u00f3 algo brutal:<br><strong>la vida de las mujeres val\u00eda menos que la producci\u00f3n.<\/strong><\/p>\n\n\n\n<hr class=\"wp-block-separator has-alpha-channel-opacity\"\/>\n\n\n\n<h2 class=\"wp-block-heading\"><strong>De tragedia a s\u00edmbolo mundial<\/strong><\/h2>\n\n\n\n<p>A partir de esos hechos, los movimientos obreros y feministas comenzaron a organizarse. En <strong>1910<\/strong>, durante la II Conferencia Internacional de Mujeres Socialistas, se propuso una fecha para recordar la lucha femenina. A\u00f1os despu\u00e9s, el <strong>8 de marzo<\/strong> qued\u00f3 establecido como s\u00edmbolo internacional.<\/p>\n\n\n\n<p>No fue hasta <strong>1975<\/strong> que la ONU reconoci\u00f3 oficialmente el D\u00eda Internacional de la Mujer.<\/p>\n\n\n\n<p>Desde entonces, el mundo entero recuerda que esta fecha <strong>no es una celebraci\u00f3n<\/strong>, sino una <strong>conmemoraci\u00f3n<\/strong>.<\/p>\n\n\n\n<p>Y Honduras no es la excepci\u00f3n.<\/p>\n\n\n\n<hr class=\"wp-block-separator has-alpha-channel-opacity\"\/>\n\n\n\n<h2 class=\"wp-block-heading\"><strong>\u00bfQu\u00e9 significa el 8 de marzo para Honduras?<\/strong><\/h2>\n\n\n\n<p>En Honduras, el D\u00eda de la Mujer tiene un peso particular. Aqu\u00ed, la historia de la mujer est\u00e1 atravesada por <strong>desigualdad, violencia estructural, pobreza, exclusi\u00f3n pol\u00edtica y silencios impuestos<\/strong>.<\/p>\n\n\n\n<p>Las mujeres hondure\u00f1as han sido:<\/p>\n\n\n\n<ul class=\"wp-block-list\">\n<li>Obreras en maquilas con salarios precarios<\/li>\n\n\n\n<li>Campesinas invisibilizadas<\/li>\n\n\n\n<li>Madres solteras sosteniendo hogares completos<\/li>\n\n\n\n<li>V\u00edctimas de violencia dom\u00e9stica y feminicidios<\/li>\n\n\n\n<li>Defensoras del territorio, muchas veces asesinadas por alzar la voz<\/li>\n<\/ul>\n\n\n\n<p>Y aun as\u00ed\u2026<br><strong>han resistido.<\/strong><\/p>\n\n\n\n<p>Hoy, en Honduras, el 8 de marzo es una fecha para recordar a las que lucharon antes, a las que luchan ahora y a las que no sobrevivieron.<\/p>\n\n\n\n<hr class=\"wp-block-separator has-alpha-channel-opacity\"\/>\n\n\n\n<h2 class=\"wp-block-heading\"><strong>Datos que incomodan, pero no se pueden ignorar<\/strong><\/h2>\n\n\n\n<p>Hablar del D\u00eda de la Mujer sin hablar de cifras ser\u00eda una traici\u00f3n a la verdad.<\/p>\n\n\n\n<ul class=\"wp-block-list\">\n<li>Honduras sigue siendo uno de los pa\u00edses con <strong>altas tasas de feminicidio<\/strong> en la regi\u00f3n.<\/li>\n\n\n\n<li>Muchas mujeres ganan <strong>menos salario<\/strong> que los hombres por el mismo trabajo.<\/li>\n\n\n\n<li>El acceso a la justicia sigue siendo limitado cuando la v\u00edctima es mujer.<\/li>\n\n\n\n<li>Miles de ni\u00f1as abandonan la escuela por embarazo precoz o violencia sexual.<\/li>\n<\/ul>\n\n\n\n<figure class=\"wp-block-image size-full\"><img loading=\"lazy\" decoding=\"async\" width=\"736\" height=\"928\" src=\"https:\/\/prensayjusticia.com\/wp-content\/uploads\/2026\/01\/mujer-2.jpg\" alt=\"\" class=\"wp-image-39\" srcset=\"https:\/\/prensayjusticia.com\/wp-content\/uploads\/2026\/01\/mujer-2.jpg 736w, https:\/\/prensayjusticia.com\/wp-content\/uploads\/2026\/01\/mujer-2-238x300.jpg 238w\" sizes=\"auto, (max-width: 736px) 100vw, 736px\" \/><\/figure>\n\n\n\n<p>Estos n\u00fameros no son estad\u00edsticas fr\u00edas.<br>Son nombres.<br>Son historias truncadas.<br>Son sue\u00f1os rotos.<\/p>\n\n\n\n<hr class=\"wp-block-separator has-alpha-channel-opacity\"\/>\n\n\n\n<h2 class=\"wp-block-heading\"><strong>Las mujeres que cambiaron la historia hondure\u00f1a<\/strong><\/h2>\n\n\n\n<p>El 8 de marzo tambi\u00e9n es un d\u00eda para recordar a las hondure\u00f1as que desafiaron el sistema:<\/p>\n\n\n\n<ul class=\"wp-block-list\">\n<li><strong>Visitaci\u00f3n Padilla<\/strong>, defensora incansable de los derechos de la mujer.<\/li>\n\n\n\n<li><strong>Berta C\u00e1ceres<\/strong>, s\u00edmbolo mundial de resistencia y defensa del territorio.<\/li>\n\n\n\n<li>Maestras, enfermeras, periodistas, obreras y madres que nunca salieron en los libros, pero sostuvieron el pa\u00eds en silencio.<\/li>\n<\/ul>\n\n\n\n<p>Ellas demostraron que el cambio no siempre hace ruido, pero deja huella.<\/p>\n\n\n\n<hr class=\"wp-block-separator has-alpha-channel-opacity\"\/>\n\n\n\n<h2 class=\"wp-block-heading\"><strong>\u00bfPor qu\u00e9 sigue siendo necesario conmemorar este d\u00eda?<\/strong><\/h2>\n\n\n\n<p>Algunos se preguntan:<br>\u201c\u00bfTodav\u00eda hace falta el D\u00eda de la Mujer?\u201d<\/p>\n\n\n\n<p>La respuesta es inc\u00f3moda, pero clara:<br><strong>s\u00ed, hace falta.<\/strong><\/p>\n\n\n\n<p>Hace falta mientras una mujer tenga miedo de caminar sola.<br>Hace falta mientras una mujer sea juzgada por denunciar.<br>Hace falta mientras la violencia se normalice.<br>Hace falta mientras el machismo se disfrace de tradici\u00f3n.<\/p>\n\n\n\n<p>El 8 de marzo no divide.<br><strong>Despierta.<\/strong><\/p>\n\n\n\n<hr class=\"wp-block-separator has-alpha-channel-opacity\"\/>\n\n\n\n<h2 class=\"wp-block-heading\"><strong>M\u00e1s que un d\u00eda: una deuda hist\u00f3rica<\/strong><\/h2>\n\n\n\n<p>Hoy Honduras no deber\u00eda limitarse a publicar frases bonitas.<br>Hoy deber\u00eda reflexionar, escuchar y actuar.<\/p>\n\n\n\n<p>Porque el D\u00eda de la Mujer no es un regalo.<br>Es una deuda hist\u00f3rica.<\/p>\n\n\n\n<p>Una deuda con las que murieron.<br>Con las que resisten.<br>Con las que vienen.<\/p>\n\n\n\n<hr class=\"wp-block-separator has-alpha-channel-opacity\"\/>\n\n\n\n<h2 class=\"wp-block-heading\"><strong>Conclusi\u00f3n: hoy no se felicita, hoy se recuerda<\/strong><\/h2>\n\n\n\n<p>Este 8 de marzo, Honduras recuerda que la lucha por la igualdad no naci\u00f3 por moda, ni por ideolog\u00eda, ni por tendencia digital.<\/p>\n\n\n\n<p>Naci\u00f3 del fuego.<br>Del abuso.<br>Del silencio impuesto.<\/p>\n\n\n\n<p>Y mientras exista una sola mujer luchando por vivir con dignidad,<br><strong>esta fecha seguir\u00e1 siendo necesaria.<\/strong><\/p>\n\n\n\n<p>Hoy no se felicita.<br>Hoy se honra.<br>Hoy se reflexiona.<br>Hoy se exige justicia.<\/p>\n\n\n\n<p>Porque la historia lo dej\u00f3 claro:<br><strong>cuando las mujeres avanzan, la sociedad entera avanza con ellas.<\/strong><\/p>\n\n\n\n<hr class=\"wp-block-separator has-alpha-channel-opacity\"\/>\n\n\n\n<p><\/p>\n","protected":false},"excerpt":{"rendered":"<p>La historia, la lucha y la deuda pendiente detr\u00e1s del D\u00eda de la Mujer<\/p>\n","protected":false},"author":2,"featured_media":0,"comment_status":"open","ping_status":"open","sticky":false,"template":"","format":"standard","meta":{"footnotes":""},"categories":[4],"tags":[],"class_list":["post-40","post","type-post","status-publish","format-standard","hentry","category-nacionales"],"brizy_media":[],"_links":{"self":[{"href":"https:\/\/prensayjusticia.com\/index.php?rest_route=\/wp\/v2\/posts\/40","targetHints":{"allow":["GET"]}}],"collection":[{"href":"https:\/\/prensayjusticia.com\/index.php?rest_route=\/wp\/v2\/posts"}],"about":[{"href":"https:\/\/prensayjusticia.com\/index.php?rest_route=\/wp\/v2\/types\/post"}],"author":[{"embeddable":true,"href":"https:\/\/prensayjusticia.com\/index.php?rest_route=\/wp\/v2\/users\/2"}],"replies":[{"embeddable":true,"href":"https:\/\/prensayjusticia.com\/index.php?rest_route=%2Fwp%2Fv2%2Fcomments&post=40"}],"version-history":[{"count":1,"href":"https:\/\/prensayjusticia.com\/index.php?rest_route=\/wp\/v2\/posts\/40\/revisions"}],"predecessor-version":[{"id":41,"href":"https:\/\/prensayjusticia.com\/index.php?rest_route=\/wp\/v2\/posts\/40\/revisions\/41"}],"wp:attachment":[{"href":"https:\/\/prensayjusticia.com\/index.php?rest_route=%2Fwp%2Fv2%2Fmedia&parent=40"}],"wp:term":[{"taxonomy":"category","embeddable":true,"href":"https:\/\/prensayjusticia.com\/index.php?rest_route=%2Fwp%2Fv2%2Fcategories&post=40"},{"taxonomy":"post_tag","embeddable":true,"href":"https:\/\/prensayjusticia.com\/index.php?rest_route=%2Fwp%2Fv2%2Ftags&post=40"}],"curies":[{"name":"wp","href":"https:\/\/api.w.org\/{rel}","templated":true}]}}