{"id":45,"date":"2026-01-25T22:12:38","date_gmt":"2026-01-25T22:12:38","guid":{"rendered":"https:\/\/prensayjusticia.com\/?p=45"},"modified":"2026-01-25T22:12:39","modified_gmt":"2026-01-25T22:12:39","slug":"juan-diego-zelaya-asume-la-alcaldia-del-distrito-central","status":"publish","type":"post","link":"https:\/\/prensayjusticia.com\/?p=45","title":{"rendered":"Juan Diego Zelaya asume la Alcald\u00eda del Distrito Central."},"content":{"rendered":"\n<p>Zelaya llama a la unidad y promete desarrollar La Capital. <\/p>\n\n\n\n<figure class=\"wp-block-gallery has-nested-images columns-default is-cropped wp-block-gallery-1 is-layout-flex wp-block-gallery-is-layout-flex\">\n<figure class=\"wp-block-image size-large\"><img loading=\"lazy\" decoding=\"async\" width=\"1024\" height=\"683\" data-id=\"46\" src=\"https:\/\/prensayjusticia.com\/wp-content\/uploads\/2026\/01\/1000778549-1024x683.jpg\" alt=\"\" class=\"wp-image-46\" srcset=\"https:\/\/prensayjusticia.com\/wp-content\/uploads\/2026\/01\/1000778549-1024x683.jpg 1024w, https:\/\/prensayjusticia.com\/wp-content\/uploads\/2026\/01\/1000778549-300x200.jpg 300w, https:\/\/prensayjusticia.com\/wp-content\/uploads\/2026\/01\/1000778549-768x512.jpg 768w, https:\/\/prensayjusticia.com\/wp-content\/uploads\/2026\/01\/1000778549.jpg 1080w\" sizes=\"auto, (max-width: 1024px) 100vw, 1024px\" \/><\/figure>\n<\/figure>\n\n\n\n<p>Tegucigalpa, Honduras \u2013 25 de enero de 2026. En un acto solemne de transmisi\u00f3n de mando municipal, Juan Diego Zelaya asumi\u00f3 oficialmente este domingo como alcalde del Distrito Central para el per\u00edodo 2026\u20132030, dando inicio a una nueva etapa de gobierno municipal marcada por el trabajo inmediato, la unidad de todos, la responsabilidad institucional y la construcci\u00f3n de resultados de la mano con la ciudadan\u00eda.<\/p>\n\n\n\n<p>La ceremonia se realiz\u00f3 en las instalaciones del Museo para la Identidad Nacional (MIN), en el centro hist\u00f3rico de Tegucigalpa, conforme a la ley, con la comprobaci\u00f3n de qu\u00f3rum, la juramentaci\u00f3n ante la Constituci\u00f3n de la Rep\u00fablica y autoridades judiciales, as\u00ed como la imposici\u00f3n de los s\u00edmbolos de mando municipal, quedando Juan Diego investido formalmente como alcalde en funciones del Distrito Central.<\/p>\n\n\n\n<p>Durante su discurso de toma de posesi\u00f3n, Juan Diego subray\u00f3 que este momento no gira en torno a una persona, sino a una enorme responsabilidad asumida frente a la ciudad. \u201cHoy no se trata de una persona. Hoy se trata de un mandato ciudadano, de una enorme responsabilidad y de una oportunidad que Dios y el pueblo capitalino nos han dado\u201d, expres\u00f3.<\/p>\n\n\n\n<p>El alcalde enfatiz\u00f3 que uno de los principales desaf\u00edos de su administraci\u00f3n ser\u00e1 recuperar la confianza de la ciudadan\u00eda en la clase pol\u00edtica y en las instituciones, afirmando que dicha confianza solo puede construirse con hechos, acciones concretas y soluciones reales. \u201cLa confianza se construye m\u00e1s all\u00e1 de las palabras; se construye con hechos, con trabajo sin descanso y con soluciones que mejoren la vida de la gente\u201d, afirm\u00f3.<\/p>\n\n\n\n<p>Juan Diego reiter\u00f3 su compromiso de trabajar sobre los ejes de su Plan de Gobierno, que incluyen una ciudad m\u00e1s segura con iluminaci\u00f3n, videovigilancia y presencia de la Polic\u00eda Municipal; una ciudad que previene riesgos y salva vidas; una ciudad competitiva que facilite tr\u00e1mites y apoye a quienes generan empleo; una ciudad que apuesta por la infraestructura productiva, el turismo y el desarrollo de sus aldeas; una ciudad que gestione el tr\u00e1fico y el transporte urbano; y una ciudad que garantice acceso al agua, saneamiento y protecci\u00f3n de sus cuencas. Estos ejes estar\u00e1n acompa\u00f1ados por tres pilares transversales: transparencia, tecnolog\u00eda y participaci\u00f3n ciudadana.<\/p>\n\n\n\n<p>En su mensaje, Juan Diego tambi\u00e9n hizo un llamado claro a la unidad, tanto dentro de la Corporaci\u00f3n Municipal como entre los distintos sectores de la ciudad. \u201cVenimos a unir, no a dividir. Venimos a construir, no a confrontar. No necesitamos pensar igual para caminar juntos, necesitamos respeto, di\u00e1logo y un objetivo com\u00fan: que a nuestra gente le vaya mejor\u201d, se\u00f1al\u00f3.<\/p>\n\n\n\n<p>Asimismo, reconoci\u00f3 el legado de trabajo, credibilidad y confianza del presidente electo Nasry Asfura, destacando la importancia de trabajar de manera coordinada con el Gobierno Central y con el Congreso Nacional para impulsar el desarrollo de la capital.<\/p>\n\n\n\n<p><\/p>\n","protected":false},"excerpt":{"rendered":"<p>El nacionalista Juan Diego Zelaya juramento como nuevo alcalde del Distrito Central. <\/p>\n","protected":false},"author":2,"featured_media":46,"comment_status":"open","ping_status":"open","sticky":false,"template":"","format":"standard","meta":{"footnotes":""},"categories":[4],"tags":[16,14,15,17],"class_list":["post-45","post","type-post","status-publish","format-standard","has-post-thumbnail","hentry","category-nacionales","tag-honduras","tag-juan-diego-zelaya","tag-nuevo-alcalde-de-tegucigalpa","tag-tegucigalpa"],"brizy_media":[],"_links":{"self":[{"href":"https:\/\/prensayjusticia.com\/index.php?rest_route=\/wp\/v2\/posts\/45","targetHints":{"allow":["GET"]}}],"collection":[{"href":"https:\/\/prensayjusticia.com\/index.php?rest_route=\/wp\/v2\/posts"}],"about":[{"href":"https:\/\/prensayjusticia.com\/index.php?rest_route=\/wp\/v2\/types\/post"}],"author":[{"embeddable":true,"href":"https:\/\/prensayjusticia.com\/index.php?rest_route=\/wp\/v2\/users\/2"}],"replies":[{"embeddable":true,"href":"https:\/\/prensayjusticia.com\/index.php?rest_route=%2Fwp%2Fv2%2Fcomments&post=45"}],"version-history":[{"count":1,"href":"https:\/\/prensayjusticia.com\/index.php?rest_route=\/wp\/v2\/posts\/45\/revisions"}],"predecessor-version":[{"id":47,"href":"https:\/\/prensayjusticia.com\/index.php?rest_route=\/wp\/v2\/posts\/45\/revisions\/47"}],"wp:featuredmedia":[{"embeddable":true,"href":"https:\/\/prensayjusticia.com\/index.php?rest_route=\/wp\/v2\/media\/46"}],"wp:attachment":[{"href":"https:\/\/prensayjusticia.com\/index.php?rest_route=%2Fwp%2Fv2%2Fmedia&parent=45"}],"wp:term":[{"taxonomy":"category","embeddable":true,"href":"https:\/\/prensayjusticia.com\/index.php?rest_route=%2Fwp%2Fv2%2Fcategories&post=45"},{"taxonomy":"post_tag","embeddable":true,"href":"https:\/\/prensayjusticia.com\/index.php?rest_route=%2Fwp%2Fv2%2Ftags&post=45"}],"curies":[{"name":"wp","href":"https:\/\/api.w.org\/{rel}","templated":true}]}}