{"id":57,"date":"2026-01-26T04:17:47","date_gmt":"2026-01-26T04:17:47","guid":{"rendered":"https:\/\/prensayjusticia.com\/?p=57"},"modified":"2026-01-26T04:17:47","modified_gmt":"2026-01-26T04:17:47","slug":"presidenta-del-poder-judicial-lamenta-alza-de-violencia-contra-las-mujeres-y-pide-reformas-legales","status":"publish","type":"post","link":"https:\/\/prensayjusticia.com\/?p=57","title":{"rendered":"Presidenta del Poder Judicial lamenta alza de violencia contra las mujeres y pide reformas legales"},"content":{"rendered":"\n<p><em>Durante la instalaci\u00f3n del Congreso Nacional, Rebeca Raquel Obando revel\u00f3 que en 2025 se registraron m\u00e1s de 14 mil denuncias por violencia dom\u00e9stica y 262 muertes violentas de mujeres<\/em>.<\/p>\n\n\n\n<figure class=\"wp-block-gallery has-nested-images columns-default is-cropped wp-block-gallery-1 is-layout-flex wp-block-gallery-is-layout-flex\">\n<figure class=\"wp-block-image size-large\" style=\"margin-top:var(--wp--preset--spacing--80);margin-bottom:var(--wp--preset--spacing--80)\"><img loading=\"lazy\" decoding=\"async\" width=\"1024\" height=\"683\" data-id=\"58\" src=\"https:\/\/prensayjusticia.com\/wp-content\/uploads\/2026\/01\/1000780329-1024x683.jpg\" alt=\"Presidenta de la Corte Suprema de Justicia lamenta muerte de 262 mujeres en 2025.\n\" class=\"wp-image-58\" srcset=\"https:\/\/prensayjusticia.com\/wp-content\/uploads\/2026\/01\/1000780329-1024x683.jpg 1024w, https:\/\/prensayjusticia.com\/wp-content\/uploads\/2026\/01\/1000780329-300x200.jpg 300w, https:\/\/prensayjusticia.com\/wp-content\/uploads\/2026\/01\/1000780329-768x512.jpg 768w, https:\/\/prensayjusticia.com\/wp-content\/uploads\/2026\/01\/1000780329-1536x1024.jpg 1536w, https:\/\/prensayjusticia.com\/wp-content\/uploads\/2026\/01\/1000780329-2048x1365.jpg 2048w\" sizes=\"auto, (max-width: 1024px) 100vw, 1024px\" \/><\/figure>\n<\/figure>\n\n\n\n<p> La presidenta de la Corte Suprema de Justicia, Rebeca Raquel Obando, present\u00f3 este domingo un informe en el que expuso la cr\u00edtica situaci\u00f3n de la violencia contra las mujeres, el aumento de la carga judicial y la urgencia de fortalecer el sistema de justicia en Honduras.<\/p>\n\n\n\n<p>En su discurso, Obando advirti\u00f3 que en 2025 se registraron 14,685 denuncias de violencia dom\u00e9stica, concentradas principalmente en los departamentos de Francisco Moraz\u00e1n y Cort\u00e9s, donde se reporta entre el 20 y 25 por ciento de los casos a nivel nacional.<\/p>\n\n\n\n<p>\u201cLastimosamente la violencia contin\u00faa siendo una de las principales causas de muerte de nuestras mujeres, cada a\u00f1o, los juzgados reciben alrededor de 15,000 denuncias de violencia dom\u00e9stica; en el 2025 se registraron 14,685 casos, concentr\u00e1ndose mayoritariamente en los departamentos de Francisco Moraz\u00e1n y Cort\u00e9s, con una incidencia del 20 y 25 por ciento respectivamente\u201d, explic\u00f3 Obando.<\/p>\n\n\n\n<p> La titular del Poder Judicial se\u00f1al\u00f3 que la violencia sigue siendo una de las principales causas de muerte de mujeres en el pa\u00eds. Debilidades en las investigaciones  A\u00f1adi\u00f3 que del a\u00f1o pasado se contabilizaron alrededor de 262 muertes violentas de mujeres, pero solo 10 fueron tipificadas como femicidio.<\/p>\n\n\n\n<p>Asimismo, solicit\u00f3 al Congreso Nacional respaldo para aprobar las reformas a la Ley Especial Contra la Violencia Dom\u00e9stica, elaboradas junto al Ministerio P\u00fablico, la Polic\u00eda Nacional y sociedad civil, con el objetivo de cerrar espacios de impunidad y fortalecer la protecci\u00f3n a las v\u00edctimas.En materia de ni\u00f1ez, la presidenta de la Corte inform\u00f3 que anualmente ingresan m\u00e1s de 14,500 casos de familia, principalmente por demandas de pensi\u00f3n alimenticia. A un a\u00f1o de vigencia, el Registro de Deudores Alimentarios Morosos contabiliza 60 personas sancionadas.<\/p>\n\n\n\n<hr class=\"wp-block-separator has-alpha-channel-opacity\"\/>\n\n\n\n<figure class=\"wp-block-gallery has-nested-images columns-default is-cropped wp-block-gallery-2 is-layout-flex wp-block-gallery-is-layout-flex\">\n<figure class=\"wp-block-image size-large\"><img loading=\"lazy\" decoding=\"async\" width=\"1024\" height=\"683\" data-id=\"59\" src=\"https:\/\/prensayjusticia.com\/wp-content\/uploads\/2026\/01\/1000780190-1024x683.jpg\" alt=\"\" class=\"wp-image-59\" srcset=\"https:\/\/prensayjusticia.com\/wp-content\/uploads\/2026\/01\/1000780190-1024x683.jpg 1024w, https:\/\/prensayjusticia.com\/wp-content\/uploads\/2026\/01\/1000780190-300x200.jpg 300w, https:\/\/prensayjusticia.com\/wp-content\/uploads\/2026\/01\/1000780190-768x512.jpg 768w, https:\/\/prensayjusticia.com\/wp-content\/uploads\/2026\/01\/1000780190-1536x1024.jpg 1536w, https:\/\/prensayjusticia.com\/wp-content\/uploads\/2026\/01\/1000780190-2048x1365.jpg 2048w\" sizes=\"auto, (max-width: 1024px) 100vw, 1024px\" \/><\/figure>\n<\/figure>\n\n\n\n<p><\/p>\n","protected":false},"excerpt":{"rendered":"<p>Durante la instalaci\u00f3n del Congreso Nacional, Rebeca Raquel Obando revel\u00f3 que en 2025 se registraron m\u00e1s de 14<\/p>\n","protected":false},"author":2,"featured_media":58,"comment_status":"open","ping_status":"open","sticky":false,"template":"","format":"standard","meta":{"footnotes":""},"categories":[4],"tags":[19,21,22],"class_list":["post-57","post","type-post","status-publish","format-standard","has-post-thumbnail","hentry","category-nacionales","tag-congreso-nacional","tag-poder-judicial","tag-rebeca-raquel-obando"],"brizy_media":[],"_links":{"self":[{"href":"https:\/\/prensayjusticia.com\/index.php?rest_route=\/wp\/v2\/posts\/57","targetHints":{"allow":["GET"]}}],"collection":[{"href":"https:\/\/prensayjusticia.com\/index.php?rest_route=\/wp\/v2\/posts"}],"about":[{"href":"https:\/\/prensayjusticia.com\/index.php?rest_route=\/wp\/v2\/types\/post"}],"author":[{"embeddable":true,"href":"https:\/\/prensayjusticia.com\/index.php?rest_route=\/wp\/v2\/users\/2"}],"replies":[{"embeddable":true,"href":"https:\/\/prensayjusticia.com\/index.php?rest_route=%2Fwp%2Fv2%2Fcomments&post=57"}],"version-history":[{"count":1,"href":"https:\/\/prensayjusticia.com\/index.php?rest_route=\/wp\/v2\/posts\/57\/revisions"}],"predecessor-version":[{"id":60,"href":"https:\/\/prensayjusticia.com\/index.php?rest_route=\/wp\/v2\/posts\/57\/revisions\/60"}],"wp:featuredmedia":[{"embeddable":true,"href":"https:\/\/prensayjusticia.com\/index.php?rest_route=\/wp\/v2\/media\/58"}],"wp:attachment":[{"href":"https:\/\/prensayjusticia.com\/index.php?rest_route=%2Fwp%2Fv2%2Fmedia&parent=57"}],"wp:term":[{"taxonomy":"category","embeddable":true,"href":"https:\/\/prensayjusticia.com\/index.php?rest_route=%2Fwp%2Fv2%2Fcategories&post=57"},{"taxonomy":"post_tag","embeddable":true,"href":"https:\/\/prensayjusticia.com\/index.php?rest_route=%2Fwp%2Fv2%2Ftags&post=57"}],"curies":[{"name":"wp","href":"https:\/\/api.w.org\/{rel}","templated":true}]}}