{"id":81,"date":"2026-01-28T21:09:46","date_gmt":"2026-01-28T21:09:46","guid":{"rendered":"https:\/\/prensayjusticia.com\/?p=81"},"modified":"2026-01-28T21:09:46","modified_gmt":"2026-01-28T21:09:46","slug":"temporal-frena-actividades-escolares-en-atlantida-autoridades-ordenan-clases-virtuales","status":"publish","type":"post","link":"https:\/\/prensayjusticia.com\/?p=81","title":{"rendered":"Temporal frena actividades escolares en Atl\u00e1ntida: autoridades ordenan clases virtuales"},"content":{"rendered":"\n<h2 class=\"wp-block-heading\">Educaci\u00f3n suspende labores presenciales en Atl\u00e1ntida por lluvias<\/h2>\n\n\n\n<p>Tegucigalpa.\u2014 Las intensas lluvias provocadas por un frente fr\u00edo obligaron a la Secretar\u00eda de Educaci\u00f3n a suspender este mi\u00e9rcoles las labores presenciales en todos los centros educativos del departamento de Atl\u00e1ntida, como medida preventiva para resguardar la seguridad de estudiantes, docentes y personal administrativo.<\/p>\n\n\n\n<figure class=\"wp-block-image size-full\"><img loading=\"lazy\" decoding=\"async\" width=\"952\" height=\"553\" src=\"https:\/\/prensayjusticia.com\/wp-content\/uploads\/2026\/01\/CLASES.png\" alt=\"\" class=\"wp-image-82\" srcset=\"https:\/\/prensayjusticia.com\/wp-content\/uploads\/2026\/01\/CLASES.png 952w, https:\/\/prensayjusticia.com\/wp-content\/uploads\/2026\/01\/CLASES-300x174.png 300w, https:\/\/prensayjusticia.com\/wp-content\/uploads\/2026\/01\/CLASES-768x446.png 768w\" sizes=\"auto, (max-width: 952px) 100vw, 952px\" \/><\/figure>\n\n\n\n<p>La decisi\u00f3n se adopta luego de que la Secretar\u00eda de Estado en los Despachos de Gesti\u00f3n de Riesgos y Contingencias Nacionales (Copeco) elevara a <strong>alerta amarilla<\/strong> a este departamento del litoral atl\u00e1ntico, ante la persistencia de las precipitaciones y el riesgo asociado a inundaciones y deslizamientos.<\/p>\n\n\n\n<p>De acuerdo con el anuncio oficial, la suspensi\u00f3n aplica para <strong>todos los centros educativos p\u00fablicos y privados<\/strong> del departamento durante este <strong>mi\u00e9rcoles 28 de enero de 2026<\/strong>. Aunque el a\u00f1o lectivo est\u00e1 previsto para iniciar el pr\u00f3ximo 2 de febrero, las autoridades recordaron que el personal docente y administrativo ya se encuentra en funciones, desarrollando procesos de matr\u00edcula y actividades preparatorias para el inicio de clases.<\/p>\n\n\n\n<p>Con el objetivo de no interrumpir el proceso educativo, la Secretar\u00eda de Educaci\u00f3n instruy\u00f3 a los centros escolares a <strong>implementar la modalidad virtual<\/strong>, garantizando as\u00ed la continuidad del proceso de ense\u00f1anza-aprendizaje mientras persistan las condiciones clim\u00e1ticas adversas.<\/p>\n\n\n\n<p>Asimismo, se giraron instrucciones espec\u00edficas a las instituciones que actualmente realizan jornadas de matr\u00edcula para que adopten <strong>estrategias alternativas<\/strong> que eviten exponer a la comunidad educativa a situaciones de riesgo.<\/p>\n\n\n\n<p>Las autoridades educativas reiteraron que estas medidas responden a un enfoque preventivo y se mantendr\u00e1n bajo constante evaluaci\u00f3n, en coordinaci\u00f3n con los organismos de protecci\u00f3n civil, mientras contin\u00fae el impacto del frente fr\u00edo en la zona norte del pa\u00eds.<\/p>\n","protected":false},"excerpt":{"rendered":"<p>Educaci\u00f3n suspende labores presenciales en Atl\u00e1ntida por lluvias<\/p>\n","protected":false},"author":2,"featured_media":82,"comment_status":"open","ping_status":"open","sticky":false,"template":"","format":"standard","meta":{"footnotes":""},"categories":[4],"tags":[40,38,16,39],"class_list":["post-81","post","type-post","status-publish","format-standard","has-post-thumbnail","hentry","category-nacionales","tag-clima-honduras","tag-educacion","tag-honduras","tag-lluvias"],"brizy_media":[],"_links":{"self":[{"href":"https:\/\/prensayjusticia.com\/index.php?rest_route=\/wp\/v2\/posts\/81","targetHints":{"allow":["GET"]}}],"collection":[{"href":"https:\/\/prensayjusticia.com\/index.php?rest_route=\/wp\/v2\/posts"}],"about":[{"href":"https:\/\/prensayjusticia.com\/index.php?rest_route=\/wp\/v2\/types\/post"}],"author":[{"embeddable":true,"href":"https:\/\/prensayjusticia.com\/index.php?rest_route=\/wp\/v2\/users\/2"}],"replies":[{"embeddable":true,"href":"https:\/\/prensayjusticia.com\/index.php?rest_route=%2Fwp%2Fv2%2Fcomments&post=81"}],"version-history":[{"count":1,"href":"https:\/\/prensayjusticia.com\/index.php?rest_route=\/wp\/v2\/posts\/81\/revisions"}],"predecessor-version":[{"id":83,"href":"https:\/\/prensayjusticia.com\/index.php?rest_route=\/wp\/v2\/posts\/81\/revisions\/83"}],"wp:featuredmedia":[{"embeddable":true,"href":"https:\/\/prensayjusticia.com\/index.php?rest_route=\/wp\/v2\/media\/82"}],"wp:attachment":[{"href":"https:\/\/prensayjusticia.com\/index.php?rest_route=%2Fwp%2Fv2%2Fmedia&parent=81"}],"wp:term":[{"taxonomy":"category","embeddable":true,"href":"https:\/\/prensayjusticia.com\/index.php?rest_route=%2Fwp%2Fv2%2Fcategories&post=81"},{"taxonomy":"post_tag","embeddable":true,"href":"https:\/\/prensayjusticia.com\/index.php?rest_route=%2Fwp%2Fv2%2Ftags&post=81"}],"curies":[{"name":"wp","href":"https:\/\/api.w.org\/{rel}","templated":true}]}}