{"id":84,"date":"2026-01-28T21:14:11","date_gmt":"2026-01-28T21:14:11","guid":{"rendered":"https:\/\/prensayjusticia.com\/?p=84"},"modified":"2026-01-28T21:14:11","modified_gmt":"2026-01-28T21:14:11","slug":"salario-minimo-despidos-y-sindicatos-los-retos-que-hereda-la-nueva-secretaria-de-trabajo","status":"publish","type":"post","link":"https:\/\/prensayjusticia.com\/?p=84","title":{"rendered":"Salario m\u00ednimo, despidos y sindicatos: los retos que hereda la nueva Secretar\u00eda de Trabajo"},"content":{"rendered":"\n<h2 class=\"wp-block-heading\">Asfura juramenta a nuevas autoridades de la Secretar\u00eda de Trabajo<\/h2>\n\n\n\n<p>Tegucigalpa.\u2014 En un contexto marcado por desaf\u00edos laborales acumulados y decisiones pendientes de alto impacto social, el presidente de la Rep\u00fablica, <strong>Nasry Juan Asfura Zablah<\/strong>, jurament\u00f3 este mi\u00e9rcoles a las nuevas autoridades de la <strong>Secretar\u00eda de Trabajo y Seguridad Social<\/strong>, dando inicio formal a una etapa clave para la conducci\u00f3n de la pol\u00edtica laboral del pa\u00eds.<\/p>\n\n\n\n<figure class=\"wp-block-image size-full\"><img loading=\"lazy\" decoding=\"async\" width=\"1005\" height=\"507\" src=\"https:\/\/prensayjusticia.com\/wp-content\/uploads\/2026\/01\/TRABAJO.png\" alt=\"\" class=\"wp-image-85\" srcset=\"https:\/\/prensayjusticia.com\/wp-content\/uploads\/2026\/01\/TRABAJO.png 1005w, https:\/\/prensayjusticia.com\/wp-content\/uploads\/2026\/01\/TRABAJO-300x151.png 300w, https:\/\/prensayjusticia.com\/wp-content\/uploads\/2026\/01\/TRABAJO-768x387.png 768w\" sizes=\"auto, (max-width: 1005px) 100vw, 1005px\" \/><\/figure>\n\n\n\n<p>Durante el acto oficial, <strong>Fernando Puerto<\/strong> fue juramentado como ministro de Trabajo, mientras que <strong>Carlos Discua<\/strong> asumi\u00f3 el cargo de viceministro. Ambos funcionarios tendr\u00e1n bajo su responsabilidad una de las carteras m\u00e1s sensibles del Gobierno, en un momento en el que el di\u00e1logo entre el Estado, el sector privado y los trabajadores se encuentra bajo especial escrutinio.<\/p>\n\n\n\n<h3 class=\"wp-block-heading\">Un relevo con temas urgentes sobre la mesa<\/h3>\n\n\n\n<p>La llegada de las nuevas autoridades se produce con varios asuntos pendientes que no lograron resolverse antes del cierre de la administraci\u00f3n anterior. Entre ellos destaca la <strong>negociaci\u00f3n del salario m\u00ednimo<\/strong>, un proceso que tradicionalmente genera tensiones entre empleadores y trabajadores y que, hasta ahora, permanece sin definici\u00f3n.<\/p>\n\n\n\n<p>Este retraso ha generado preocupaci\u00f3n en distintos sectores sindicales, que reclaman ajustes acordes al aumento del costo de la vida, mientras que el sector empresarial insiste en la necesidad de medidas que no afecten la sostenibilidad de las empresas, especialmente las peque\u00f1as y medianas.<\/p>\n\n\n\n<p>Fernando Puerto asume el cargo en este escenario, con la tarea de reactivar las mesas de di\u00e1logo y buscar consensos que permitan destrabar una negociaci\u00f3n considerada prioritaria para miles de trabajadores hondure\u00f1os.<\/p>\n\n\n\n<h3 class=\"wp-block-heading\">Despidos y conflictos heredados<\/h3>\n\n\n\n<p>Otro de los retos inmediatos para la nueva administraci\u00f3n laboral es la atenci\u00f3n de <strong>las demandas derivadas de despidos<\/strong> registrados en los \u00faltimos meses del gobierno anterior, tanto en el sector p\u00fablico como en el privado. Estos casos han dado lugar a procesos administrativos y reclamos legales que ahora deber\u00e1n ser evaluados por las nuevas autoridades.<\/p>\n\n\n\n<p>A ello se suma la revisi\u00f3n de <strong>solicitudes para la conformaci\u00f3n de nuevos sindicatos<\/strong>, particularmente en el sector p\u00fablico, un tema que hist\u00f3ricamente ha generado debate sobre la libertad sindical, la legalidad de los procesos y el equilibrio entre derechos laborales y funcionamiento institucional.<\/p>\n\n\n\n<h3 class=\"wp-block-heading\">La agenda anunciada por el viceministro<\/h3>\n\n\n\n<p>Tras su juramentaci\u00f3n, el viceministro <strong>Carlos Discua<\/strong> adelant\u00f3 que en los pr\u00f3ximos d\u00edas se desarrollar\u00e1 una <strong>agenda amplia de trabajo<\/strong>, centrada en el fortalecimiento del sector laboral y en la apertura de espacios de di\u00e1logo con los distintos actores sociales y econ\u00f3micos del pa\u00eds.<\/p>\n\n\n\n<p>Discua subray\u00f3 que el objetivo ser\u00e1 construir soluciones consensuadas que permitan reducir la conflictividad laboral y brindar mayor certeza jur\u00eddica tanto a trabajadores como a empleadores.<\/p>\n\n\n\n<h3 class=\"wp-block-heading\">Antecedentes de una Secretar\u00eda bajo presi\u00f3n<\/h3>\n\n\n\n<p>La Secretar\u00eda de Trabajo ha sido, en los \u00faltimos a\u00f1os, una de las instituciones m\u00e1s observadas por su papel en la mediaci\u00f3n de conflictos laborales, la fijaci\u00f3n del salario m\u00ednimo y la supervisi\u00f3n del cumplimiento de la normativa laboral. La falta de acuerdos en procesos clave y los retrasos administrativos han sido motivo recurrente de cr\u00edticas por parte de sindicatos y organizaciones de la sociedad civil.<\/p>\n\n\n\n<p>En este contexto, el relevo en la c\u00fapula de la Secretar\u00eda es interpretado por diversos sectores como una oportunidad para <strong>reencauzar el di\u00e1logo social<\/strong> y recuperar la confianza en una instituci\u00f3n fundamental para la estabilidad laboral del pa\u00eds.<\/p>\n\n\n\n<h3 class=\"wp-block-heading\">Un periodo decisivo para la pol\u00edtica laboral<\/h3>\n\n\n\n<p>Con su juramentaci\u00f3n, Fernando Puerto y Carlos Discua asumen una gesti\u00f3n que estar\u00e1 marcada por decisiones de alto impacto econ\u00f3mico y social. El rumbo que adopte la Secretar\u00eda de Trabajo en los pr\u00f3ximos meses ser\u00e1 determinante no solo para el sector laboral, sino tambi\u00e9n para el clima de inversi\u00f3n y la paz social.<\/p>\n\n\n\n<p>El desaf\u00edo est\u00e1 planteado: resolver pendientes heredados, fortalecer el di\u00e1logo tripartito y demostrar que la pol\u00edtica laboral puede ser un instrumento de equilibrio y justicia social en un contexto econ\u00f3mico complejo.<\/p>\n","protected":false},"excerpt":{"rendered":"<p>Asfura juramenta a nuevas autoridades de la Secretar\u00eda de Trabajo<\/p>\n","protected":false},"author":2,"featured_media":85,"comment_status":"open","ping_status":"open","sticky":false,"template":"","format":"standard","meta":{"footnotes":""},"categories":[1],"tags":[],"class_list":["post-84","post","type-post","status-publish","format-standard","has-post-thumbnail","hentry","category-uncategorized"],"brizy_media":[],"_links":{"self":[{"href":"https:\/\/prensayjusticia.com\/index.php?rest_route=\/wp\/v2\/posts\/84","targetHints":{"allow":["GET"]}}],"collection":[{"href":"https:\/\/prensayjusticia.com\/index.php?rest_route=\/wp\/v2\/posts"}],"about":[{"href":"https:\/\/prensayjusticia.com\/index.php?rest_route=\/wp\/v2\/types\/post"}],"author":[{"embeddable":true,"href":"https:\/\/prensayjusticia.com\/index.php?rest_route=\/wp\/v2\/users\/2"}],"replies":[{"embeddable":true,"href":"https:\/\/prensayjusticia.com\/index.php?rest_route=%2Fwp%2Fv2%2Fcomments&post=84"}],"version-history":[{"count":1,"href":"https:\/\/prensayjusticia.com\/index.php?rest_route=\/wp\/v2\/posts\/84\/revisions"}],"predecessor-version":[{"id":86,"href":"https:\/\/prensayjusticia.com\/index.php?rest_route=\/wp\/v2\/posts\/84\/revisions\/86"}],"wp:featuredmedia":[{"embeddable":true,"href":"https:\/\/prensayjusticia.com\/index.php?rest_route=\/wp\/v2\/media\/85"}],"wp:attachment":[{"href":"https:\/\/prensayjusticia.com\/index.php?rest_route=%2Fwp%2Fv2%2Fmedia&parent=84"}],"wp:term":[{"taxonomy":"category","embeddable":true,"href":"https:\/\/prensayjusticia.com\/index.php?rest_route=%2Fwp%2Fv2%2Fcategories&post=84"},{"taxonomy":"post_tag","embeddable":true,"href":"https:\/\/prensayjusticia.com\/index.php?rest_route=%2Fwp%2Fv2%2Ftags&post=84"}],"curies":[{"name":"wp","href":"https:\/\/api.w.org\/{rel}","templated":true}]}}