{"id":90,"date":"2026-01-28T21:20:46","date_gmt":"2026-01-28T21:20:46","guid":{"rendered":"https:\/\/prensayjusticia.com\/?p=90"},"modified":"2026-01-28T21:20:46","modified_gmt":"2026-01-28T21:20:46","slug":"sheinbaum-reafirma-apoyo-a-cuba-entre-presiones-de-ee-uu-la-ayuda-humanitaria-continua","status":"publish","type":"post","link":"https:\/\/prensayjusticia.com\/?p=90","title":{"rendered":"Sheinbaum reafirma apoyo a Cuba entre presiones de EE. UU.: \u201cLa ayuda humanitaria contin\u00faa\u201d"},"content":{"rendered":"\n<h2 class=\"wp-block-heading\">Sheinbaum afirma que la ayuda humanitaria a Cuba \u201ccontin\u00faa\u201d en medio de presiones internacionales<\/h2>\n\n\n\n<p><strong>Ciudad de M\u00e9xico.\u2014<\/strong> La presidenta de M\u00e9xico, <strong>Claudia Sheinbaum<\/strong>, confirm\u00f3 este mi\u00e9rcoles que la <strong>ayuda humanitaria de su pa\u00eds a Cuba contin\u00faa<\/strong>, reafirmando el compromiso de su administraci\u00f3n con la hist\u00f3rica pol\u00edtica de solidaridad mexicana hacia la isla caribe\u00f1a, pese a crecientes presiones desde Estados Unidos y dudas sobre la continuidad de los env\u00edos de petr\u00f3leo.<\/p>\n\n\n\n<p>En su conferencia de prensa matutina en el <strong>Palacio Nacional<\/strong>, Sheinbaum insisti\u00f3 en que las decisiones del Gobierno mexicano respecto a la ayuda a Cuba \u2014incluidos los posibles env\u00edos de crudo\u2014 son <strong>soberanas y reflejo de una tradici\u00f3n diplom\u00e1tica de apoyo internacional<\/strong>. \u201cLa ayuda humanitaria a Cuba, como a otros pa\u00edses, contin\u00faa porque es ayuda humanitaria y M\u00e9xico siempre ha sido solidario con todo el mundo\u201d, subray\u00f3 la mandataria.<\/p>\n\n\n\n<h3 class=\"wp-block-heading\">M\u00e9xico entre la tradici\u00f3n solidaria y el vaiv\u00e9n geopol\u00edtico<\/h3>\n\n\n\n<p>El anuncio de Sheinbaum ocurre en un escenario regional y global tenso: la cooperaci\u00f3n energ\u00e9tica hacia Cuba ha cobrado especial relevancia tras la <strong>reducci\u00f3n del suministro de petr\u00f3leo venezolano<\/strong>, exacerbada por la intervenci\u00f3n estadounidense en Venezuela y la captura del expresidente Nicol\u00e1s Maduro a principios de enero, lo que ha intensificado la crisis energ\u00e9tica en la isla.<\/p>\n\n\n\n<p>Hist\u00f3ricamente, M\u00e9xico ha mantenido una relaci\u00f3n bilateral con Cuba basada en la <strong>solidaridad y cooperaci\u00f3n econ\u00f3mica y social<\/strong>, incluso en tiempos de bloqueo econ\u00f3mico por parte de Estados Unidos. Durante gobiernos anteriores \u2014desde Enrique Pe\u00f1a Nieto hasta Andr\u00e9s Manuel L\u00f3pez Obrador\u2014 se han enviado hidrocarburos y asistencia t\u00e9cnica en momentos de escasez energ\u00e9tica en la isla.<\/p>\n\n\n\n<figure class=\"wp-block-image size-large\"><img loading=\"lazy\" decoding=\"async\" width=\"1024\" height=\"474\" src=\"https:\/\/prensayjusticia.com\/wp-content\/uploads\/2026\/01\/CLAUDIA-1024x474.png\" alt=\"\" class=\"wp-image-91\" srcset=\"https:\/\/prensayjusticia.com\/wp-content\/uploads\/2026\/01\/CLAUDIA-1024x474.png 1024w, https:\/\/prensayjusticia.com\/wp-content\/uploads\/2026\/01\/CLAUDIA-300x139.png 300w, https:\/\/prensayjusticia.com\/wp-content\/uploads\/2026\/01\/CLAUDIA-768x356.png 768w, https:\/\/prensayjusticia.com\/wp-content\/uploads\/2026\/01\/CLAUDIA.png 1155w\" sizes=\"auto, (max-width: 1024px) 100vw, 1024px\" \/><\/figure>\n\n\n\n<p>Sin embargo, en las \u00faltimas semanas el tema cobr\u00f3 notoriedad cuando varios medios, incluidos <strong>Bloomberg<\/strong>, reportaron una aparente <strong>suspensi\u00f3n temporal de un cargamento de petr\u00f3leo mexicano hacia Cuba<\/strong>, lo que desat\u00f3 especulaciones sobre si M\u00e9xico ced\u00eda a la presi\u00f3n de Washington para frenar ese suministro.<\/p>\n\n\n\n<h3 class=\"wp-block-heading\">Soberan\u00eda y contratos: dos v\u00edas para el suministro<\/h3>\n\n\n\n<p>Sheinbaum aclar\u00f3 que el env\u00edo de petr\u00f3leo a Cuba se realiza por <strong>dos v\u00edas diferentes<\/strong>: a trav\u00e9s de contratos entre <strong>Petr\u00f3leos Mexicanos (Pemex)<\/strong> y entidades cubanas, donde la empresa estatal define los tiempos de env\u00edo, y por medio de mecanismos de <strong>ayuda humanitaria<\/strong> que M\u00e9xico puede activar en funci\u00f3n de las solicitudes que reciba de La Habana.<\/p>\n\n\n\n<p>\u201cYo nunca habl\u00e9 de si se hab\u00eda suspendido o no se hab\u00eda suspendido; eso fue una interpretaci\u00f3n posterior a partir de una nota que sali\u00f3 en un peri\u00f3dico\u201d, explic\u00f3 la presidenta, al tiempo que defendi\u00f3 la legalidad y soberan\u00eda de las decisiones de M\u00e9xico respecto a los env\u00edos de crudo.<\/p>\n\n\n\n<h3 class=\"wp-block-heading\">La presi\u00f3n de Estados Unidos y un contexto regional complicado<\/h3>\n\n\n\n<p>Parte de la atenci\u00f3n medi\u00e1tica se concentra en la postura de Estados Unidos. Legisladores republicanos y funcionarios del gobierno estadounidense han criticado la pol\u00edtica energ\u00e9tica de M\u00e9xico hacia Cuba, argumentando que el env\u00edo de petr\u00f3leo podr\u00eda estar en contradicci\u00f3n con los esfuerzos de Washington por aislar al gobierno cubano y presionar por cambios pol\u00edticos.<\/p>\n\n\n\n<p>Aunque el Gobierno de Estados Unidos no ha solicitado formalmente a M\u00e9xico que suspenda los env\u00edos, figuras pol\u00edticas de alto perfil han advertido sobre posibles consecuencias si M\u00e9xico persiste en mantener la asistencia petrolera. Algunos analistas observan que el tema se inscribe en un <strong>ajedrez diplom\u00e1tico regional<\/strong> donde confluyen intereses energ\u00e9ticos, estrategias de presi\u00f3n pol\u00edtica y la hist\u00f3rica relaci\u00f3n de M\u00e9xico con Cuba y otros pa\u00edses vecinos.<\/p>\n\n\n\n<h3 class=\"wp-block-heading\">Solidaridad con l\u00edmites y prioridades nacionales<\/h3>\n\n\n\n<p>Sheinbaum recalc\u00f3 que la ayuda humanitaria no se da \u201ca costa\u201d del bienestar de la poblaci\u00f3n mexicana y que la pol\u00edtica de cooperaci\u00f3n con Cuba responde a <strong>criterios de solidaridad internacional<\/strong>, no a presiones externas. Al mismo tiempo, dej\u00f3 claro que M\u00e9xico evaluar\u00e1 caso por caso si los futuros env\u00edos de crudo a la isla deben realizarse bajo la modalidad humanitaria, considerando las necesidades expresadas por las autoridades cubanas.<\/p>\n\n\n\n<h3 class=\"wp-block-heading\">\u00bfHacia d\u00f3nde va la pol\u00edtica exterior mexicana?<\/h3>\n\n\n\n<p>El pronunciamiento de Sheinbaum puede leerse como una reafirmaci\u00f3n de la pol\u00edtica exterior mexicana tradicional, basada en la <strong>no intervenci\u00f3n y la defensa de la soberan\u00eda<\/strong>. Pero tambi\u00e9n refleja la complejidad de mantener esa postura en un entorno donde las tensiones hemisf\u00e9ricas \u2014como la relaci\u00f3n entre Estados Unidos, Cuba y Venezuela\u2014 vuelven cada decisi\u00f3n diplom\u00e1tica en un acto de equilibrio.<\/p>\n\n\n\n<p>En un contexto donde la isla enfrenta graves retos energ\u00e9ticos y econ\u00f3micos, y donde la disputa geopol\u00edtica regional se intensifica, la <strong>continuidad de la ayuda humanitaria y la gesti\u00f3n de recursos energ\u00e9ticos<\/strong> puede redefinir no solo la relaci\u00f3n M\u00e9xico-Cuba, sino tambi\u00e9n el papel de M\u00e9xico como actor independiente dentro de las din\u00e1micas de poder continental.<\/p>\n","protected":false},"excerpt":{"rendered":"<p>Sheinbaum afirma que la ayuda humanitaria a Cuba \u201ccontin\u00faa\u201d en medio de presiones internacionales<\/p>\n","protected":false},"author":2,"featured_media":91,"comment_status":"open","ping_status":"open","sticky":false,"template":"","format":"standard","meta":{"footnotes":""},"categories":[3],"tags":[43,45,42,44],"class_list":["post-90","post","type-post","status-publish","format-standard","has-post-thumbnail","hentry","category-internacionales","tag-claudia-mexico","tag-cuba","tag-internacionales","tag-mexico"],"brizy_media":[],"_links":{"self":[{"href":"https:\/\/prensayjusticia.com\/index.php?rest_route=\/wp\/v2\/posts\/90","targetHints":{"allow":["GET"]}}],"collection":[{"href":"https:\/\/prensayjusticia.com\/index.php?rest_route=\/wp\/v2\/posts"}],"about":[{"href":"https:\/\/prensayjusticia.com\/index.php?rest_route=\/wp\/v2\/types\/post"}],"author":[{"embeddable":true,"href":"https:\/\/prensayjusticia.com\/index.php?rest_route=\/wp\/v2\/users\/2"}],"replies":[{"embeddable":true,"href":"https:\/\/prensayjusticia.com\/index.php?rest_route=%2Fwp%2Fv2%2Fcomments&post=90"}],"version-history":[{"count":1,"href":"https:\/\/prensayjusticia.com\/index.php?rest_route=\/wp\/v2\/posts\/90\/revisions"}],"predecessor-version":[{"id":92,"href":"https:\/\/prensayjusticia.com\/index.php?rest_route=\/wp\/v2\/posts\/90\/revisions\/92"}],"wp:featuredmedia":[{"embeddable":true,"href":"https:\/\/prensayjusticia.com\/index.php?rest_route=\/wp\/v2\/media\/91"}],"wp:attachment":[{"href":"https:\/\/prensayjusticia.com\/index.php?rest_route=%2Fwp%2Fv2%2Fmedia&parent=90"}],"wp:term":[{"taxonomy":"category","embeddable":true,"href":"https:\/\/prensayjusticia.com\/index.php?rest_route=%2Fwp%2Fv2%2Fcategories&post=90"},{"taxonomy":"post_tag","embeddable":true,"href":"https:\/\/prensayjusticia.com\/index.php?rest_route=%2Fwp%2Fv2%2Ftags&post=90"}],"curies":[{"name":"wp","href":"https:\/\/api.w.org\/{rel}","templated":true}]}}